{"id":48974,"date":"2019-07-28T04:12:26","date_gmt":"2019-07-28T08:12:26","guid":{"rendered":"https:\/\/linitiative.ca\/International\/world-dance-congress-marrakech-plus-de-100-artistes-se-produiront-a-la-5eme-edition\/"},"modified":"2019-07-28T04:12:26","modified_gmt":"2019-07-28T08:12:26","slug":"world-dance-congress-marrakech-plus-de-100-artistes-se-produiront-a-la-5eme-edition","status":"publish","type":"post","link":"https:\/\/linitiative.ca\/International\/world-dance-congress-marrakech-plus-de-100-artistes-se-produiront-a-la-5eme-edition\/","title":{"rendered":"\u00abWorld Dance Congress Marrakech\u00bb : Plus de 100 artistes se produiront \u00e0 la 5\u00e8me \u00e9dition"},"content":{"rendered":"<header>\n<\/header>\n<div class=\"entry-content clearfix\" readability=\"68\"><img decoding=\"async\" class=\"post_layout_5_img\" src=\"http:\/\/aujourdhui.ma\/wp-content\/uploads\/2019\/07\/World-Dance-Congress-Marrakech.jpg?x29840\" alt=\"\u00abWorld Dance Congress Marrakech\u00bb : Plus de 100 artistes se produiront \u00e0 la 5\u00e8me \u00e9dition\"\/><\/p>\n<p class=\"p1\"><span class=\"c4\"><strong><em>La danse dans tous ses \u00e9tats dans la ville ocre<\/em><\/strong><\/span><span id=\"more-315739\"\/><\/p>\n<p class=\"p1\">Le \u00abPalmeraie Resorts\u00bb accueillera du 5 au 11 septembre 2018, la 5\u00e8me \u00e9dition du \u00abWorld Dance Congress Marrakech\u00bb. C\u2019est une manifestation qui rassemblera, selon les organisateurs, plus de 120 danseurs professionnels issus de plus de quinze pays qui vont ainsi partager leurs connaissances et leurs chor\u00e9graphies sur les musiques et les danses relatives \u00e0 leurs pays .<\/p>\n<p class=\"p1\"><em>\u00abElle se d\u00e9roulera aux rythmes d\u2019ateliers de danse de soir\u00e9es de spectacle et de soir\u00e9es dansantes\u00bb,<\/em> explique \u00e0 ce sujet l\u2019agence \u00e9v\u00e9nementielle IMAD Production, initiatrice de cet \u00e9v\u00e8nement. Dans ce sens, le festival propose de d\u00e9couvrir des chor\u00e9graphes internationaux invit\u00e9s \u00e0 animer des ateliers de danse, des Djs de renomm\u00e9e internationale mixeront les meilleurs sons (Salsa, Bachata, Kizomba\u2026) pour des soir\u00e9es m\u00e9morables.<\/p>\n<p class=\"p1\">Au programme \u00e9galement des live shows, dance parties, pool parties et des workshops. Notons que cette manifestation se d\u00e9roulera en pr\u00e9sence d\u2019artistes exceptionnels tels que<span class=\"Apple-converted-space\">\u00a0<\/span> Eddie Torres alias \u00abMambo King\u00bb, \u00able prince de la salsa\u00bb : Johnny Vasquez, Fransisco Vasquez, Adolfo Indacochea, figure incontournable de la sc\u00e8ne artistique New-yorkaise, le Cubain Seo Fernandez (grand chanteur et chor\u00e9graphe), Daniel &#038; D\u00e9siree, African Jet, Hamidine Thiam, Kwenda Lima, etc.<\/p>\n<\/div>\n<p>Auteur: ALM<br \/>\n<a href=\"http:\/\/aujourdhui.ma\/culture\/world-dance-congress-marrakech-plus-de-100-artistes-se-produiront-a-la-5eme-edition\">Cliquez ici pour lire l&rsquo;article depuis sa source.<\/a><\/p>\n","protected":false},"excerpt":{"rendered":"<p>La danse dans tous ses \u00e9tats dans la ville ocre Le \u00abPalmeraie Resorts\u00bb accueillera du 5 au 11 septembre 2018, la 5\u00e8me \u00e9dition du \u00abWorld Dance Congress Marrakech\u00bb. C\u2019est une manifestation qui rassemblera, selon les organisateurs, plus de 120 danseurs professionnels issus de plus de quinze pays qui vont ainsi partager leurs connaissances et leurs [&hellip;]<\/p>\n","protected":false},"author":1759,"featured_media":0,"comment_status":"closed","ping_status":"closed","sticky":false,"template":"","format":"standard","meta":{"fifu_image_url":"","fifu_image_alt":"","footnotes":""},"categories":[73,54],"tags":[],"class_list":["post-48974","post","type-post","status-publish","format-standard","hentry","category-actualite","category-maroc"],"_links":{"self":[{"href":"https:\/\/linitiative.ca\/International\/wp-json\/wp\/v2\/posts\/48974","targetHints":{"allow":["GET"]}}],"collection":[{"href":"https:\/\/linitiative.ca\/International\/wp-json\/wp\/v2\/posts"}],"about":[{"href":"https:\/\/linitiative.ca\/International\/wp-json\/wp\/v2\/types\/post"}],"author":[{"embeddable":true,"href":"https:\/\/linitiative.ca\/International\/wp-json\/wp\/v2\/users\/1759"}],"replies":[{"embeddable":true,"href":"https:\/\/linitiative.ca\/International\/wp-json\/wp\/v2\/comments?post=48974"}],"version-history":[{"count":0,"href":"https:\/\/linitiative.ca\/International\/wp-json\/wp\/v2\/posts\/48974\/revisions"}],"wp:attachment":[{"href":"https:\/\/linitiative.ca\/International\/wp-json\/wp\/v2\/media?parent=48974"}],"wp:term":[{"taxonomy":"category","embeddable":true,"href":"https:\/\/linitiative.ca\/International\/wp-json\/wp\/v2\/categories?post=48974"},{"taxonomy":"post_tag","embeddable":true,"href":"https:\/\/linitiative.ca\/International\/wp-json\/wp\/v2\/tags?post=48974"}],"curies":[{"name":"wp","href":"https:\/\/api.w.org\/{rel}","templated":true}]}}