{"id":48975,"date":"2019-07-28T05:21:53","date_gmt":"2019-07-28T09:21:53","guid":{"rendered":"https:\/\/linitiative.ca\/International\/russie-navalny-de-nouveau-derriere-les-barreaux\/"},"modified":"2019-07-28T05:21:53","modified_gmt":"2019-07-28T09:21:53","slug":"russie-navalny-de-nouveau-derriere-les-barreaux","status":"publish","type":"post","link":"https:\/\/linitiative.ca\/International\/russie-navalny-de-nouveau-derriere-les-barreaux\/","title":{"rendered":"Russie: Navalny de nouveau derri\u00e8re les barreaux\u2026"},"content":{"rendered":"<p class=\"c4\"><span class=\"c3\"><strong><span class=\"c2\">L<\/span>ors de l\u2019importante manifestation de dimanche dernier qui avait rassembl\u00e9 \u00e0 Moscou quelques 20.000 personnes toutes sorties pour d\u00e9noncer l\u2019invalidation, la veille par le gouvernement, de 57 candidatures aux l\u00e9gislatives du 8 septembre prochain d\u00e9pos\u00e9es par des alli\u00e9s de l\u2019opposant \u00e0 Poutine Alexe\u00ef Navalny, ce dernier avait promis de faire sortir, samedi, pour manifester devant la mairie de Moscou, un plus grand nombre de personnes si le gouvernement n\u2019annule pas cette d\u00e9cision.<\/strong><\/span><\/p>\n<p class=\"c4\">Il n\u2019en fallait pas plus pour faire monter la tension \u00e0 l\u2019approche de ces l\u00e9gislatives qui s\u2019annoncent difficiles pour les candidats du pouvoir et pour pousser le gouvernement \u00e0 r\u00e9agir en arr\u00eatant Navalny au moment o\u00f9, ce mercredi matin,\u00a0\u00a0il s\u2019appr\u00eatait \u00e0 sortir faire un jogging et acheter des fleurs pour l\u2019anniversaire de son \u00e9pouse; ce qui fera dire, \u00e0 ce dernier avec un sourire ironique au coin des l\u00e8vres: \u00abLes gens ont raison quand ils disent que le sport n\u2019est pas toujours bon pour la sant\u00e9\u00bb.<\/p>\n<p class=\"c4\">L\u2019opposant \u00e0 Poutine qui avait d\u00e9j\u00e0 pass\u00e9 dix jours en d\u00e9tention, au d\u00e9but du mois, pour avoir particip\u00e9 \u00e0 une marche de soutien au journaliste d\u2019investigation Ivan Golounov qui avait \u00e9t\u00e9 accus\u00e9 de trafic de drogue, avant d\u2019en \u00eatre disculp\u00e9 \u00e0 la suite d\u2019une mobilisation sans pr\u00e9c\u00e9dent, a \u00e9t\u00e9 condamn\u00e9, le soir m\u00eame, \u00e0 30 jours d\u2019emprisonnement; ce qui constitue la peine maximale pour \u00abinfraction r\u00e9p\u00e9t\u00e9e aux r\u00e8gles d\u2019organisation des manifestations\u00bb qui subordonnent la tenue de tels \u00e9v\u00e8nements \u00e0 l\u2019obtention de l\u2019aval des autorit\u00e9s. Son compagnon, Oleg Stepanov, \u00e9galement interpel\u00e9 mercredi a \u00e9t\u00e9, pour sa part, condamn\u00e9 \u00e0 8 jours de d\u00e9tention.<\/p>\n<p class=\"c4\">Apr\u00e8s son arrestation, Navalny \u00e9crira sur son compte Twitter : \u00abSortez dans la rue samedi (\u2026) Tant que nous n\u2019avons pas le droit de vote, nous sommes tous, de toutes fa\u00e7ons, en d\u00e9tention\u00bb. Pendant ce temps-l\u00e0, des perquisitions ont eu lieu dans les domiciles de plusieurs candidats \u00abrefoul\u00e9s\u00bb dont Ivan Jdanov, proche collaborateur d\u2019Alexe\u00ef Navalny ou encore Dmitri Goudkov alors que le d\u00e9partement de la justice a lanc\u00e9, le jour-m\u00eame, une enqu\u00eate \u00abpour entrave au travail de la Commission \u00e9lectorale\u00bb suite \u00e0 la tenue d\u2019une manifestation \u00abnon autoris\u00e9e\u00bb devant son si\u00e8ge \u00e0 Moscou et que l\u2019opposant Ilia Iachine a assur\u00e9 que l\u2019interpellation \u00abgrossi\u00e8re\u00bb de Navalny n\u2019aura \u00abaucune influence\u00bb et \u00e9mis le souhait qu\u2019elle puisse servir de pr\u00e9lude \u00e0 une plus grande mobilisation.<\/p>\n<p class=\"c4\">Enfin, si la c\u00f4te de popularit\u00e9 du pr\u00e9sident Poutine qui avait \u00e9t\u00e9 exceptionnellement rehauss\u00e9e au moment de \u00abl\u2019annexion\u00bb de la Crim\u00e9e a consid\u00e9rablement chut\u00e9 depuis sa r\u00e9\u00e9lection, l\u2019ann\u00e9e derni\u00e8re, pour un quatri\u00e8me mandat et que les l\u00e9gislatives de septembre prochain s\u2019annoncent ardues pour les candidats du pouvoir comme l\u2019a laiss\u00e9 entendre la manifestation de dimanche en ramenant aux m\u00e9moires les mouvements de protestation de 2011 et 2012 contre le retour de Poutine \u00e0 la pr\u00e9sidence de la F\u00e9d\u00e9ration de Russie, il ne semble pas que l\u2019\u00e9t\u00e9 russe va \u00eatre gorg\u00e9 de soleil mais attendons pour voir\u2026<\/p>\n<p class=\"c5\"><strong>Nabil El Bousaadi<\/strong><\/p>\n<p>Auteur: M&rsquo;hammed rahal<br \/>\n<a href=\"http:\/\/albayane.press.ma\/russie-navalny-de-nouveau-derriere-les-barreaux.html\">Cliquez ici pour lire l&rsquo;article depuis sa source.<\/a><\/p>\n","protected":false},"excerpt":{"rendered":"<p>Lors de l\u2019importante manifestation de dimanche dernier qui avait rassembl\u00e9 \u00e0 Moscou quelques 20.000 personnes toutes sorties pour d\u00e9noncer l\u2019invalidation, la veille par le gouvernement, de 57 candidatures aux l\u00e9gislatives du 8 septembre prochain d\u00e9pos\u00e9es par des alli\u00e9s de l\u2019opposant \u00e0 Poutine Alexe\u00ef Navalny, ce dernier avait promis de faire sortir, samedi, pour manifester devant [&hellip;]<\/p>\n","protected":false},"author":1760,"featured_media":0,"comment_status":"closed","ping_status":"closed","sticky":false,"template":"","format":"standard","meta":{"fifu_image_url":"","fifu_image_alt":"","footnotes":""},"categories":[73,54],"tags":[],"class_list":["post-48975","post","type-post","status-publish","format-standard","hentry","category-actualite","category-maroc"],"_links":{"self":[{"href":"https:\/\/linitiative.ca\/International\/wp-json\/wp\/v2\/posts\/48975","targetHints":{"allow":["GET"]}}],"collection":[{"href":"https:\/\/linitiative.ca\/International\/wp-json\/wp\/v2\/posts"}],"about":[{"href":"https:\/\/linitiative.ca\/International\/wp-json\/wp\/v2\/types\/post"}],"author":[{"embeddable":true,"href":"https:\/\/linitiative.ca\/International\/wp-json\/wp\/v2\/users\/1760"}],"replies":[{"embeddable":true,"href":"https:\/\/linitiative.ca\/International\/wp-json\/wp\/v2\/comments?post=48975"}],"version-history":[{"count":0,"href":"https:\/\/linitiative.ca\/International\/wp-json\/wp\/v2\/posts\/48975\/revisions"}],"wp:attachment":[{"href":"https:\/\/linitiative.ca\/International\/wp-json\/wp\/v2\/media?parent=48975"}],"wp:term":[{"taxonomy":"category","embeddable":true,"href":"https:\/\/linitiative.ca\/International\/wp-json\/wp\/v2\/categories?post=48975"},{"taxonomy":"post_tag","embeddable":true,"href":"https:\/\/linitiative.ca\/International\/wp-json\/wp\/v2\/tags?post=48975"}],"curies":[{"name":"wp","href":"https:\/\/api.w.org\/{rel}","templated":true}]}}