{"id":48976,"date":"2019-07-28T05:36:58","date_gmt":"2019-07-28T09:36:58","guid":{"rendered":"https:\/\/linitiative.ca\/International\/quand-on-combat-avec-limagination\/"},"modified":"2019-07-28T05:36:58","modified_gmt":"2019-07-28T09:36:58","slug":"quand-on-combat-avec-limagination","status":"publish","type":"post","link":"https:\/\/linitiative.ca\/International\/quand-on-combat-avec-limagination\/","title":{"rendered":"Quand on combat avec l\u2019imagination"},"content":{"rendered":"<p class=\"c3\"><span class=\"c2\"><strong>Quand on n\u2019a que le r\u00eave<\/strong><\/span><\/p>\n<p class=\"c4\"><strong>Par Fatima Makdad<\/strong><\/p>\n<p class=\"c6\"><span class=\"c5\"><strong>\u00ab<span class=\"c2\">C<\/span>ette bougie ne br\u00fble pas pour nous, mais pour tous ceux que\u00a0nous n\u2019avons pas pu faire sortir de prison, tous ceux qui ont \u00e9t\u00e9\u00a0abattus avant d\u2019\u00eatre incarc\u00e9r\u00e9s, tous ceux qui ont \u00e9t\u00e9 tortur\u00e9s,\u00a0enlev\u00e9s ou victimes d\u2019une \u201cdisparition\u201d. Voil\u00e0 \u00e0 quoi sert cette\u00a0bougie\u00bb.<\/strong><\/span><\/p>\n<h6 class=\"c8\"><span class=\"c5\"><span class=\"c7\"><strong>Peter Benenson, fondateur d\u2019Amnesty International<\/strong><\/span><\/span><\/h6>\n<p class=\"c6\"><strong><img loading=\"lazy\" decoding=\"async\" class=\" wp-image-80294 alignright\" src=\"http:\/\/albayane.press.ma\/wp-content\/uploads\/photo-amine-RDC-230x130.jpg\" alt=\"\" width=\"225\" height=\"127\"\/>Mohamed Amine Benyoub<\/strong>, critique d\u2019art et dramaturge, est l\u2019un des artistes marocains qui ont eu le courage de puiser dans l\u2019une des p\u00e9riodes les plus sombres du Maroc, les ann\u00e9es du plomb. Son souci n\u2019est autre qu\u2019un cri pour mettre au claire l\u2019abus et l\u2019injustice de cette p\u00e9riode. Carnaval est une \u0153uvre th\u00e9\u00e2trale qui se veut une critique donnant une existence \u00e0 un sens, \u00e0 une marche en avant.<\/p>\n<p class=\"c6\"><strong>Mohamed Soufi<\/strong>, laur\u00e9at de l\u2019ISADAC, jeune metteur en sc\u00e8ne a d\u00e9cid\u00e9 cette ann\u00e9e 2019, de ne pas passer \u00e0 c\u00f4t\u00e9 des supplices que les r\u00eaveurs d\u2019une r\u00e9alit\u00e9 autre, que celle impos\u00e9 par le Makhzen, ont subit.<\/p>\n<p class=\"c6\"><strong>Il n\u2019y a pas de rencontres au hasard, il y a que des rendez-vous<\/strong><\/p>\n<p class=\"c6\">Et si nous souhaitons refaire le monde r\u00e9guli\u00e8rement, nous devons obligatoirement voir la vie et les gens d\u2019une mani\u00e8re singuli\u00e8re et ouverte afin d\u2019aller la rencontre d\u2019un univers sensible et bienveillant au rendez-vous.<\/p>\n<p class=\"c6\">Notre jeune metteur en sc\u00e8ne a bien tendu les passerelles les conduisant vers ce rendez-vous, et l\u2019interaction s\u2019est op\u00e9r\u00e9e.<\/p>\n<p class=\"c6\">Si la richesse de l\u2019interaction humaine est toujours instructive, l\u2019interaction artistique est beaucoup plus retentissante, vibrante et parfois l\u00e9gendaire.<\/p>\n<p class=\"c6\">La pi\u00e8ce de th\u00e9\u00e2tre \u00ab<strong>Carnaval<\/strong>\u00bb mise en sc\u00e8ne par Mohamed Soufi a bien su nous emporter dans un univers o\u00f9 l\u2019art et plus sp\u00e9cifiquement le th\u00e9\u00e2tre consid\u00e9r\u00e9 comme un carrefour pr\u00e9monitoire entre d\u00e9lation du pass\u00e9, enseignement au pr\u00e9sent et pr\u00e9servation du futur.<\/p>\n<p class=\"c6\">Tout au long du spectacle, nous avons v\u00e9cu une \u00e9nergie qui ne fait pas de la sc\u00e8ne une simple caisse de r\u00e9sonance d\u2019un pass\u00e9 t\u00e9n\u00e9breux du Maroc, mais d\u2019un air o\u00f9 la joie, les rires enfantins, les danses, la musique, les anecdotes racontent les agissements de l\u2019Etat et les m\u00e9thodes de tortures (comme les insultes, l\u2019asphyxie, les agressions psychologiques, les simulacres de noyade, et ce, dans le but d\u2019arracher des aveux).<\/p>\n<p class=\"c6\">La mise en sc\u00e8ne a confront\u00e9 la r\u00e9alit\u00e9 \u00e0 l\u2019imagination. Une r\u00e9alit\u00e9 des prisons o\u00f9 la cellule est un espace trop sombre, o\u00f9 est la monotonie est la maitresse des lieux et o\u00f9 est le poids des ann\u00e9es fait ravage. Une imagination ambitionne pour \u00e9lever les \u00e2mes abattues au rang des inventeurs afin de cr\u00e9er des moments, quoiqu\u2019ils sont fugitifs, mais d\u00e9core leur quotidien d\u2019une ivresse garantissant l\u2019espoir de survie dans le chaos.<\/p>\n<p class=\"c6\">Cette qu\u00eate d\u2019un bonheur quasiment p\u00e9rissable se fait sentir dans le jeu et l\u2019interpr\u00e9tation des com\u00e9diens\u00a0; ils sont \u00e0 la fois confront\u00e9s \u00e0 leur r\u00e9alit\u00e9 am\u00e8re et \u00e0 leur r\u00eave salvateur sinon lib\u00e9rateur.<\/p>\n<p class=\"c6\">Les com\u00e9diens <strong>Rachida Nait Balaid<\/strong>, <strong>Noureddine Saadane, Issameddine Mohrim<\/strong> se sont empar\u00e9s de l\u2019\u00e2me des personnages, pour montrer une force qui a su captiver notre souffle. Leur jeu raconte \u00abla d\u00e9solation et la solitude humaine dans leur totalit\u00e9, leur int\u00e9gralit\u00e9\u00bb * selon les mots de <strong><u>Yoshi Oida<\/u><\/strong>. \u00a0dans son livre \u00ab<strong>L\u2019acteur invisible<\/strong>\u00bb.<\/p>\n<p class=\"c6\">Un regard subjectif certes, mais il est aussi le n\u00f4tre puisqu\u2019il est une partie de notre histoire.<\/p>\n<p class=\"c6\">Le temps de l\u2019\u0153uvre est une fraction de notre temps le jour de la repr\u00e9sentation et pourtant les artistes ont oblig\u00e9 le public \u00e0 prendre conscience de ce qui se tramait dans l\u2019horreur le temps de plus de trois d\u00e9cennies (les ann\u00e9es 60- 90 du si\u00e8cle dernier).<\/p>\n<p class=\"c6\">Carnaval encore une fois, confirme l\u2019ambition de l\u2019art et surtout du th\u00e9\u00e2tre \u00e0 participer, \u00e0 son \u00e9chelle, aux redressements des torts et des pr\u00e9judices que les citoyens subissaient un moment donn\u00e9 de notre histoire.<\/p>\n<p class=\"c6\">Carnaval, cette nouvelle cr\u00e9ation 2019, \u00e0 \u00e9t\u00e9 pr\u00e9sent\u00e9 le 22\/07\/2018 \u00e0 la salle Bahnini \u00e0 Rabat par l\u2019<strong>Association Nawrass d\u2019Art et Culture<\/strong> avec le soutien du minist\u00e8re de la culture et de la communication.<\/p>\n<p>Auteur: M&rsquo;hammed rahal<br \/>\n<a href=\"http:\/\/albayane.press.ma\/quand-on-combat-avec-limagination.html\">Cliquez ici pour lire l&rsquo;article depuis sa source.<\/a><\/p>\n","protected":false},"excerpt":{"rendered":"<p>Quand on n\u2019a que le r\u00eave Par Fatima Makdad \u00abCette bougie ne br\u00fble pas pour nous, mais pour tous ceux que\u00a0nous n\u2019avons pas pu faire sortir de prison, tous ceux qui ont \u00e9t\u00e9\u00a0abattus avant d\u2019\u00eatre incarc\u00e9r\u00e9s, tous ceux qui ont \u00e9t\u00e9 tortur\u00e9s,\u00a0enlev\u00e9s ou victimes d\u2019une \u201cdisparition\u201d. Voil\u00e0 \u00e0 quoi sert cette\u00a0bougie\u00bb. Peter Benenson, fondateur d\u2019Amnesty [&hellip;]<\/p>\n","protected":false},"author":1760,"featured_media":48977,"comment_status":"closed","ping_status":"closed","sticky":false,"template":"","format":"standard","meta":{"fifu_image_url":"","fifu_image_alt":"","footnotes":""},"categories":[73,54],"tags":[],"class_list":["post-48976","post","type-post","status-publish","format-standard","has-post-thumbnail","hentry","category-actualite","category-maroc"],"_links":{"self":[{"href":"https:\/\/linitiative.ca\/International\/wp-json\/wp\/v2\/posts\/48976","targetHints":{"allow":["GET"]}}],"collection":[{"href":"https:\/\/linitiative.ca\/International\/wp-json\/wp\/v2\/posts"}],"about":[{"href":"https:\/\/linitiative.ca\/International\/wp-json\/wp\/v2\/types\/post"}],"author":[{"embeddable":true,"href":"https:\/\/linitiative.ca\/International\/wp-json\/wp\/v2\/users\/1760"}],"replies":[{"embeddable":true,"href":"https:\/\/linitiative.ca\/International\/wp-json\/wp\/v2\/comments?post=48976"}],"version-history":[{"count":0,"href":"https:\/\/linitiative.ca\/International\/wp-json\/wp\/v2\/posts\/48976\/revisions"}],"wp:featuredmedia":[{"embeddable":true,"href":"https:\/\/linitiative.ca\/International\/wp-json\/"}],"wp:attachment":[{"href":"https:\/\/linitiative.ca\/International\/wp-json\/wp\/v2\/media?parent=48976"}],"wp:term":[{"taxonomy":"category","embeddable":true,"href":"https:\/\/linitiative.ca\/International\/wp-json\/wp\/v2\/categories?post=48976"},{"taxonomy":"post_tag","embeddable":true,"href":"https:\/\/linitiative.ca\/International\/wp-json\/wp\/v2\/tags?post=48976"}],"curies":[{"name":"wp","href":"https:\/\/api.w.org\/{rel}","templated":true}]}}