{"id":48979,"date":"2019-07-28T05:53:18","date_gmt":"2019-07-28T09:53:18","guid":{"rendered":"https:\/\/linitiative.ca\/International\/contribution-reflexion-citoyenne-dabdelkrim-belguendouz\/"},"modified":"2019-07-28T05:53:18","modified_gmt":"2019-07-28T09:53:18","slug":"contribution-reflexion-citoyenne-dabdelkrim-belguendouz","status":"publish","type":"post","link":"https:\/\/linitiative.ca\/International\/contribution-reflexion-citoyenne-dabdelkrim-belguendouz\/","title":{"rendered":"Contribution-r\u00e9flexion citoyenne d\u2019Abdelkrim Belguendouz"},"content":{"rendered":"<p class=\"c3\"><span class=\"c2\"><strong>\u00abImmigr\u00e9(e)s au Maroc et citoyen(ne)s marocain(e)s \u00e0 l\u2019\u00e9tranger, un double plaidoyer\u00bb<\/strong><\/span><\/p>\n<p class=\"c5\"><strong><span class=\"c2\">A<\/span><span class=\"c4\">vec \u00ab\u00a0Immigr\u00e9(e)s au Maroc et citoyen(ne)s marocain(e)s \u00e0 l\u2019\u00e9tranger, un double plaidoyer\u00a0\u00bb, l\u2019universitaire Abdelkrim Belguendouz signe une nouvelle publication, qui se veut comme une contribution-r\u00e9flexion citoyenne au d\u00e9bat public pour l\u2019action.<\/span><\/strong><\/p>\n<p class=\"c5\">Cet ouvrage puise son essence dans la tenue, le 17 janvier 2019 \u00e0 Rabat, d\u2019une r\u00e9union de l\u2019Observatoire national de la migration (ONM), comme le note l\u2019auteur dans la pr\u00e9face de ce livre de 303 pages (petit format), soulignant que si l\u2019initiative prise par l\u2019ONM nous interpelle \u00ab\u00a0intellectuellement\u00a0\u00bb, elle nous interpelle \u00e9galement \u00ab\u00a0en tant que citoyen\u00a0\u00bb.<\/p>\n<p class=\"c5\">Au c\u0153ur de cette contribution citoyenne \u00e0 un d\u00e9bat pour l\u2019action, le chercheur en migration rel\u00e8ve deux pr\u00e9occupations centrales.<\/p>\n<p class=\"c5\">La premi\u00e8re consiste dans un plaidoyer qui intervient dans le cadre de la mise en place d\u2019un Observatoire national des migrations internationales pour le Maroc, \u00ab\u00a0\u00e0 la hauteur des ambitions de l\u2019Observatoire africain des migrations\u00a0\u00bb, qui \u00e0 son tour, repr\u00e9sente \u00ab\u00a0un apport majeur du Royaume du Maroc \u00e0 l\u2019Union africaine\u00a0\u00bb.<\/p>\n<p class=\"c5\">La deuxi\u00e8me, \u00e9troitement li\u00e9e \u00e0 la premi\u00e8re, poursuit M. Belguendouz, s\u2019inscrit comme une \u00ab\u00a0contribution citoyenne dans le cadre de la r\u00e9flexion nationale pour la r\u00e9novation du mod\u00e8le de d\u00e9veloppement au Maroc\u00a0\u00bb, ayant pour objet de ne pas \u00ab\u00a0oublier\u00a0\u00bb ou \u00ab\u00a0marginaliser les citoyens marocains \u00e0 l\u2019\u00e9tranger et les immigr\u00e9s au Maroc\u00a0\u00bb, tout en questionnant \u00ab\u00a0le statut, la place et le r\u00f4le\u00a0\u00bb qu\u2019il leur faut accorder dans \u00ab\u00a0cette qu\u00eate de renouveau multidimensionnel\u00a0\u00bb.<\/p>\n<p class=\"c5\">Divis\u00e9 en quatre grands chapitres allant d\u2019une r\u00e9trospective relative \u00e0 l\u2019ONM et \u00e0 son contexte politique et g\u00e9ostrat\u00e9gique, en passant par les propositions d\u2019action relatives aux migrations en rapport avec la r\u00e9flexion nationale pour la r\u00e9novation du mod\u00e8le de d\u00e9veloppement au Maroc, le livre s\u2019arr\u00eate, par ailleurs, sur la tentative louable de l\u2019ONM et met en avant les arguments pour prendre en compte l\u2019\u00e9migration extra-continentale au niveau du Maroc et de l\u2019Afrique. Analyste et observateur actif de la sc\u00e8ne migratoire marocain, Abdelkrim Belguendouz, universitaire \u00e0 Rabat, est l\u2019auteur de plusieurs ouvrages et \u00e9tudes en mati\u00e8re de migration et de communaut\u00e9 marocaine r\u00e9sidant \u00e0 l\u2019\u00e9tranger.<\/p>\n<p>Auteur: M&rsquo;hammed rahal<br \/>\n<a href=\"http:\/\/albayane.press.ma\/contribution-reflexion-citoyenne-dabdelkrim-belguendouz.html\">Cliquez ici pour lire l&rsquo;article depuis sa source.<\/a><\/p>\n","protected":false},"excerpt":{"rendered":"<p>\u00abImmigr\u00e9(e)s au Maroc et citoyen(ne)s marocain(e)s \u00e0 l\u2019\u00e9tranger, un double plaidoyer\u00bb Avec \u00ab\u00a0Immigr\u00e9(e)s au Maroc et citoyen(ne)s marocain(e)s \u00e0 l\u2019\u00e9tranger, un double plaidoyer\u00a0\u00bb, l\u2019universitaire Abdelkrim Belguendouz signe une nouvelle publication, qui se veut comme une contribution-r\u00e9flexion citoyenne au d\u00e9bat public pour l\u2019action. Cet ouvrage puise son essence dans la tenue, le 17 janvier 2019 \u00e0 [&hellip;]<\/p>\n","protected":false},"author":1760,"featured_media":0,"comment_status":"closed","ping_status":"closed","sticky":false,"template":"","format":"standard","meta":{"fifu_image_url":"","fifu_image_alt":"","footnotes":""},"categories":[73,54],"tags":[],"class_list":["post-48979","post","type-post","status-publish","format-standard","hentry","category-actualite","category-maroc"],"_links":{"self":[{"href":"https:\/\/linitiative.ca\/International\/wp-json\/wp\/v2\/posts\/48979","targetHints":{"allow":["GET"]}}],"collection":[{"href":"https:\/\/linitiative.ca\/International\/wp-json\/wp\/v2\/posts"}],"about":[{"href":"https:\/\/linitiative.ca\/International\/wp-json\/wp\/v2\/types\/post"}],"author":[{"embeddable":true,"href":"https:\/\/linitiative.ca\/International\/wp-json\/wp\/v2\/users\/1760"}],"replies":[{"embeddable":true,"href":"https:\/\/linitiative.ca\/International\/wp-json\/wp\/v2\/comments?post=48979"}],"version-history":[{"count":0,"href":"https:\/\/linitiative.ca\/International\/wp-json\/wp\/v2\/posts\/48979\/revisions"}],"wp:attachment":[{"href":"https:\/\/linitiative.ca\/International\/wp-json\/wp\/v2\/media?parent=48979"}],"wp:term":[{"taxonomy":"category","embeddable":true,"href":"https:\/\/linitiative.ca\/International\/wp-json\/wp\/v2\/categories?post=48979"},{"taxonomy":"post_tag","embeddable":true,"href":"https:\/\/linitiative.ca\/International\/wp-json\/wp\/v2\/tags?post=48979"}],"curies":[{"name":"wp","href":"https:\/\/api.w.org\/{rel}","templated":true}]}}