{"id":48980,"date":"2019-07-28T06:08:11","date_gmt":"2019-07-28T10:08:11","guid":{"rendered":"https:\/\/linitiative.ca\/International\/apres-avoir-quitte-les-lions-de-latlas-la-frmf-rend-hommage-a-renard\/"},"modified":"2019-07-28T06:08:11","modified_gmt":"2019-07-28T10:08:11","slug":"apres-avoir-quitte-les-lions-de-latlas-la-frmf-rend-hommage-a-renard","status":"publish","type":"post","link":"https:\/\/linitiative.ca\/International\/apres-avoir-quitte-les-lions-de-latlas-la-frmf-rend-hommage-a-renard\/","title":{"rendered":"Apr\u00e8s avoir quitt\u00e9 les Lions de l\u2019Atlas: La FRMF rend hommage \u00e0 Renard"},"content":{"rendered":"<p class=\"c5\"><span class=\"c4\"><strong><span class=\"c2\">U<\/span><span class=\"c3\">ne c\u00e9r\u00e9monie a \u00e9t\u00e9 organis\u00e9e, jeudi dernier au si\u00e8ge de la F\u00e9d\u00e9ration royale marocaine de football \u00e0 Rabat, en hommage \u00e0 l\u2019ancien s\u00e9lectionneur des Lions de l\u2019Atlas, Herv\u00e9 Renard.<\/span><\/strong><\/span><\/p>\n<p class=\"c5\">C\u2019est le pr\u00e9sident de la FRMF, Fouzi Lekjaa, qui a anim\u00e9 cette c\u00e9r\u00e9monie d\u00e9roul\u00e9e en pr\u00e9sence des membres f\u00e9d\u00e9raux\u00a0 et d\u2019anciennes stars des Lions de l\u2019Atlas dont le capitaine Noureddine Naybet qui d\u00e9tient toujours le record de 5 participations en CAN. Des changements de remerciements et de reconnaissances ont marqu\u00e9 cette c\u00e9r\u00e9monie consacr\u00e9e \u00e0 l\u2019entraineur fran\u00e7ais apr\u00e8s un s\u00e9jour d\u2019environ 3 ans au Maroc et son travail accompli avec la s\u00e9lection nationale. Des cadeaux souvenirs ont \u00e9t\u00e9 \u00e9galement remis \u00e0 Renard qui a pourtant qualifi\u00e9 les Lions de l\u2019Atlas \u00e0 doubles reprises en CAN (2017 et 2019) m\u00eame avec des \u00e9liminations au second tour des deux \u00e9ditions mais aussi et surtout le retour du Maroc en Coupe du Monde de Russie en 2018 apr\u00e8s une longue absence de 20 ans depuis le Mondial fran\u00e7ais en 1998.<\/p>\n<p class=\"c5\">Lors de cette c\u00e9r\u00e9monie, Herv\u00e9 Renard a pour sa part remerci\u00e9 le Maroc, les responsables du football national \u00a0tout en saluant le climat professionnel qui a caract\u00e9ris\u00e9 son travail et sa mission avec les Lions depuis \u00a02016 jusqu\u2019\u00e0 son d\u00e9part. Herv\u00e9 Renard a soulign\u00e9 que les moments pass\u00e9s au Maroc resteront grav\u00e9s \u00e0 jamais dans son esprit en compagnie de l\u2019\u00e9quipe nationale bien qu\u2019il visait mieux et que les r\u00e9sultats escompt\u00e9s n\u2019ont pas \u00e9t\u00e9 r\u00e9alis\u00e9s \u00e0 cent pour cent.<\/p>\n<p class=\"c5\">Enfin, Renard d\u00e9clar\u00e9 partant pour l\u2019Arabie Saoudite, a vivement souhait\u00e9 plein de succ\u00e8s au football marocain et \u00e0 son \u00e9quipe nationale\u2026<\/p>\n<p class=\"c6\"><span class=\"c2\"><strong>Renard annonc\u00e9 en Asie mais pense toujours \u00e0 l\u2019Afrique<\/strong><\/span><\/p>\n<p class=\"c5\">D\u2019autre part, et apr\u00e8s un \u00e9chec pr\u00e9matur\u00e9 (\u00e9limination au Cap des 8es de finale de la CAN 2019 face au B\u00e9nin suite aux tirs au but), Herv\u00e9 Renard revient sur son passage au Maroc tout en parlant de son avenir et sa prochaine destination. Si son chemin est trac\u00e9 vers l\u2019Asie et probablement en Arabie Saoudite pour s\u2019occuper de sa s\u00e9lection nationale, Herv\u00e9 Renard n\u2019exclut pas le retour en Afrique \u00e0 plus longue \u00e9ch\u00e9ance dans l\u2019espoir de remporter un 3<sup>e<\/sup> sacre en CAN avec une autre s\u00e9lection afin de r\u00e9cup\u00e9rer ce qu\u2019il a perdu \u00e0 la t\u00eate des Lions de l\u2019Atlas.<\/p>\n<p class=\"c5\">Herv\u00e9 Renard, qui venait de confirmer son d\u00e9part du Maroc, le week-end \u00e9coul\u00e9e,\u00a0 est aujourd\u2019hui au repos au S\u00e9n\u00e9gal, Ce\u00a0\u00abcong\u00e9\u00bb reste pourtant d\u2019une courte dur\u00e9e\u00a0 pour le double champion d\u2019Afrique avec la Zambie en 2012 et la C\u00f4te d\u2019Ivoire en 2015 avant d\u2019\u00e9chouer avec le Maroc \u00e0 doubles reprises (2017 et 2019).<\/p>\n<p class=\"c5\">En Asie, Renard effectuera une nouvelle exp\u00e9rience o\u00f9 il pourrait prendre les destin\u00e9es techniques de la s\u00e9lection saoudienne avec un salaire tr\u00e8s \u00e9lev\u00e9 que celui qu\u2019il touchait au Maroc.<\/p>\n<p class=\"c5\">Renard qui annoncera donc sa future destination en fin du mois courant, referme ainsi et provisoirement, un chapitre africain dans l\u2019espoir d\u2019y revenir pour un 3<sup>e<\/sup> sacre en CAN\u2026<\/p>\n<p class=\"c7\"><strong>Rachid Lebchir<\/strong><\/p>\n<p>Auteur: M&rsquo;hammed rahal<br \/>\n<a href=\"http:\/\/albayane.press.ma\/apres-avoir-quitte-les-lions-de-latlas-la-frmf-rend-hommage-a-renard.html\">Cliquez ici pour lire l&rsquo;article depuis sa source.<\/a><\/p>\n","protected":false},"excerpt":{"rendered":"<p>Une c\u00e9r\u00e9monie a \u00e9t\u00e9 organis\u00e9e, jeudi dernier au si\u00e8ge de la F\u00e9d\u00e9ration royale marocaine de football \u00e0 Rabat, en hommage \u00e0 l\u2019ancien s\u00e9lectionneur des Lions de l\u2019Atlas, Herv\u00e9 Renard. C\u2019est le pr\u00e9sident de la FRMF, Fouzi Lekjaa, qui a anim\u00e9 cette c\u00e9r\u00e9monie d\u00e9roul\u00e9e en pr\u00e9sence des membres f\u00e9d\u00e9raux\u00a0 et d\u2019anciennes stars des Lions de l\u2019Atlas [&hellip;]<\/p>\n","protected":false},"author":1760,"featured_media":0,"comment_status":"closed","ping_status":"closed","sticky":false,"template":"","format":"standard","meta":{"fifu_image_url":"","fifu_image_alt":"","footnotes":""},"categories":[73,54],"tags":[],"class_list":["post-48980","post","type-post","status-publish","format-standard","hentry","category-actualite","category-maroc"],"_links":{"self":[{"href":"https:\/\/linitiative.ca\/International\/wp-json\/wp\/v2\/posts\/48980","targetHints":{"allow":["GET"]}}],"collection":[{"href":"https:\/\/linitiative.ca\/International\/wp-json\/wp\/v2\/posts"}],"about":[{"href":"https:\/\/linitiative.ca\/International\/wp-json\/wp\/v2\/types\/post"}],"author":[{"embeddable":true,"href":"https:\/\/linitiative.ca\/International\/wp-json\/wp\/v2\/users\/1760"}],"replies":[{"embeddable":true,"href":"https:\/\/linitiative.ca\/International\/wp-json\/wp\/v2\/comments?post=48980"}],"version-history":[{"count":0,"href":"https:\/\/linitiative.ca\/International\/wp-json\/wp\/v2\/posts\/48980\/revisions"}],"wp:attachment":[{"href":"https:\/\/linitiative.ca\/International\/wp-json\/wp\/v2\/media?parent=48980"}],"wp:term":[{"taxonomy":"category","embeddable":true,"href":"https:\/\/linitiative.ca\/International\/wp-json\/wp\/v2\/categories?post=48980"},{"taxonomy":"post_tag","embeddable":true,"href":"https:\/\/linitiative.ca\/International\/wp-json\/wp\/v2\/tags?post=48980"}],"curies":[{"name":"wp","href":"https:\/\/api.w.org\/{rel}","templated":true}]}}