{"id":48981,"date":"2019-07-28T06:19:00","date_gmt":"2019-07-28T10:19:00","guid":{"rendered":"https:\/\/linitiative.ca\/International\/valoriser-la-pratique-politique\/"},"modified":"2019-07-28T06:19:00","modified_gmt":"2019-07-28T10:19:00","slug":"valoriser-la-pratique-politique","status":"publish","type":"post","link":"https:\/\/linitiative.ca\/International\/valoriser-la-pratique-politique\/","title":{"rendered":"Valoriser la pratique politique!"},"content":{"rendered":"<p class=\"c4\"><span class=\"c3\"><strong><span class=\"c2\">Q<\/span>uelle image a-t-on de l\u2019action politique au Maroc? Comment est pressentie la pratique au quotidien des formations partisanes par aussi bien les profanes que les avertis? Il serait fort pr\u00e9somptueux de pr\u00e9tendre que la perception est tol\u00e9r\u00e9e encore moins admise par le commun des mortels.<\/strong><\/span><\/p>\n<p class=\"c4\">Il ne serait pas non plus d\u00e9mesur\u00e9 d\u2019affirmer que la notion de la politique, dans son sens le plus large, est excessivement d\u00e9valoris\u00e9e, dans une nation r\u00e9solument acquise aux id\u00e9aux fondateurs de la d\u00e9mocratie, du progr\u00e8s et de la modernit\u00e9. Or, plus on s\u2019engage irr\u00e9vocablement dans le processus des r\u00e9formes, on accuse un recul d\u00e9concertant au point que l\u2019espace politique national s\u2019\u00e9rige en r\u00e9el obstacle \u00e0 l\u2019expansion.<\/p>\n<p class=\"c4\">Le discr\u00e9dit dont souffre le paysage politique marocain ne s\u2019est gu\u00e8re constitu\u00e9 par pur hasard.Il est assur\u00e9ment d\u00fb \u00e0 la conjugaison des facteurs li\u00e9s \u00e0 certaine classe politique et surtout aux r\u00e9sistances r\u00e9trogrades qui ne cessent de s\u2019opposer aux entrains de l\u2019essor multiformes du pays. Cette d\u00e9consid\u00e9ration du champ politique national se r\u00e9pand \u00e0 des cadences effr\u00e9n\u00e9es comme le feu dans le f\u00e9tu de paille. Profitant des marges de libert\u00e9 dont jouit le climat politique g\u00e9n\u00e9ral, des entit\u00e9s \u00a0partisanes mont\u00e9es de toutes pi\u00e8ces pour se charger des missions ponctuelles, d\u00e9naturent la pratique de la politique et lui ass\u00e8nent des coups fatals.<\/p>\n<p class=\"c4\">A force de voir ces dysfonctionnements \u00e0 la pelle qui s\u2019op\u00e8rent autour d\u2019eux, surtout lors des \u00e9ch\u00e9ances \u00e9lectorales, les citoyens, pour la plupart, issus des couches illettr\u00e9es et d\u00e9sh\u00e9rit\u00e9es, sont impitoyablement martel\u00e9s par des agissements attentatoires \u00e0 la morale et la vertu sociales voire humaines. C\u2019est ainsi que, \u00e0 coup s\u00fbr, la confiance en les valeurs est visc\u00e9ralement d\u00e9grad\u00e9e au profit des vice de la fraude et la triche. La d\u00e9valuation de la chose politique dans notre pays devient, de plus en plus, monnaie courante \u00e0 tel point qu\u2019on ne parvient plus \u00e0 distinguer le vrai de l\u2019ivraie dans le paysage politique national.<\/p>\n<p class=\"c4\">Cette situation s\u2019aggrave au fil du temps, tant que les nantis de la soci\u00e9t\u00e9 encore en plus de l\u2019Etat, y trouvent leurs comptes. De part et d\u2019autre, on cherche \u00e0 tout prix, \u00e0 grader le statut qui au d\u00e9triment de l\u2019instauration des fondements de l\u2019Etat de droit. Le fait d\u2019avoir dans un pays qui se veut pluraliste et se r\u00e9clame partisan du camp d\u00e9mocratique, des partis soumis et subordonn\u00e9s, aux c\u00f4t\u00e9s d\u2019autres opprim\u00e9s et pers\u00e9cut\u00e9s, incitent \u00e0 faire perdurer la pr\u00e9dominance et \u00e0 pr\u00e9server les fortunes cumul\u00e9es \u00e0 tort.<\/p>\n<p class=\"c4\">Cette approche de massacre du concept de la politique saine sur lequel repose le socle du d\u00e9veloppement authentique, finirait par se retourner sans nul doute, sur ses fossoyeurs eux-m\u00eames. \u00abLa magie se retourne sur le magicien\u00a0!\u00bb, dirait l\u2019autre. C\u2019est autant se rendre \u00e0 l\u2019\u00e9vidence et valoriser la politique dans notre pays, avant qu\u2019il ne soit trop tard\u2026<\/p>\n<p>Auteur: M&rsquo;hammed rahal<br \/>\n<a href=\"http:\/\/albayane.press.ma\/valoriser-la-pratique-politique.html\">Cliquez ici pour lire l&rsquo;article depuis sa source.<\/a><\/p>\n","protected":false},"excerpt":{"rendered":"<p>Quelle image a-t-on de l\u2019action politique au Maroc? Comment est pressentie la pratique au quotidien des formations partisanes par aussi bien les profanes que les avertis? Il serait fort pr\u00e9somptueux de pr\u00e9tendre que la perception est tol\u00e9r\u00e9e encore moins admise par le commun des mortels. Il ne serait pas non plus d\u00e9mesur\u00e9 d\u2019affirmer que la [&hellip;]<\/p>\n","protected":false},"author":1760,"featured_media":0,"comment_status":"closed","ping_status":"closed","sticky":false,"template":"","format":"standard","meta":{"fifu_image_url":"","fifu_image_alt":"","footnotes":""},"categories":[73,54],"tags":[],"class_list":["post-48981","post","type-post","status-publish","format-standard","hentry","category-actualite","category-maroc"],"_links":{"self":[{"href":"https:\/\/linitiative.ca\/International\/wp-json\/wp\/v2\/posts\/48981","targetHints":{"allow":["GET"]}}],"collection":[{"href":"https:\/\/linitiative.ca\/International\/wp-json\/wp\/v2\/posts"}],"about":[{"href":"https:\/\/linitiative.ca\/International\/wp-json\/wp\/v2\/types\/post"}],"author":[{"embeddable":true,"href":"https:\/\/linitiative.ca\/International\/wp-json\/wp\/v2\/users\/1760"}],"replies":[{"embeddable":true,"href":"https:\/\/linitiative.ca\/International\/wp-json\/wp\/v2\/comments?post=48981"}],"version-history":[{"count":0,"href":"https:\/\/linitiative.ca\/International\/wp-json\/wp\/v2\/posts\/48981\/revisions"}],"wp:attachment":[{"href":"https:\/\/linitiative.ca\/International\/wp-json\/wp\/v2\/media?parent=48981"}],"wp:term":[{"taxonomy":"category","embeddable":true,"href":"https:\/\/linitiative.ca\/International\/wp-json\/wp\/v2\/categories?post=48981"},{"taxonomy":"post_tag","embeddable":true,"href":"https:\/\/linitiative.ca\/International\/wp-json\/wp\/v2\/tags?post=48981"}],"curies":[{"name":"wp","href":"https:\/\/api.w.org\/{rel}","templated":true}]}}