{"id":48982,"date":"2019-07-28T06:32:56","date_gmt":"2019-07-28T10:32:56","guid":{"rendered":"https:\/\/linitiative.ca\/International\/le-conseil-national-de-la-presse-inaugure-son-siege-a-rabat\/"},"modified":"2019-07-28T06:32:56","modified_gmt":"2019-07-28T10:32:56","slug":"le-conseil-national-de-la-presse-inaugure-son-siege-a-rabat","status":"publish","type":"post","link":"https:\/\/linitiative.ca\/International\/le-conseil-national-de-la-presse-inaugure-son-siege-a-rabat\/","title":{"rendered":"Le Conseil national de la presse inaugure son si\u00e8ge \u00e0 Rabat"},"content":{"rendered":"<p class=\"c4\"><span class=\"c3\"><strong><span class=\"c2\"><img loading=\"lazy\" decoding=\"async\" class=\"size-medium wp-image-80310 alignright\" src=\"http:\/\/albayane.press.ma\/wp-content\/uploads\/Presse2-230x130.jpg\" alt=\"\" width=\"230\" height=\"130\"\/>U<\/span>n instant m\u00e9morable, voire historique pour le Conseil national de la presse (CNP). Ce dernier a inaugur\u00e9 jeudi 25 juillet son si\u00e8ge \u00e0\u00a0 Rabat en pr\u00e9sence des personnalit\u00e9s importantes du \u00a0monde de la presse, de la politique, de la diplomatie et de la culture.<\/strong><\/span><\/p>\n<p class=\"c4\">Apr\u00e8s presque une ann\u00e9e d\u2019installation et lancement de ses activit\u00e9s, le Conseil national de la presse, avec ce nouvel \u00e9difice, ach\u00e8ve la mise en place de ses structures. \u00c0 cet effet, une c\u00e9r\u00e9monie a \u00e9t\u00e9 organis\u00e9e. Bon nombre de personnalit\u00e9s importantes y ont pris part. Notamment, le chef du gouvernement Sieur Sa\u00e2deddine \u00a0El Otmani, le ministre de la Culture et de la Communication, Mohamed El Aaraj. Ainsi que d\u2019autres ministres et responsables des conseils, des organisations de la gouvernance, des d\u00e9l\u00e9gu\u00e9s, le\u00a0 procureur g\u00e9n\u00e9ral, ainsi que d\u2019autres personnalit\u00e9s des domaines de la politique, de la presse, des droits de l\u2019homme et de la culture et des arts.<\/p>\n<p class=\"c4\">La c\u00e9r\u00e9monie qui\u00a0 a \u00e9t\u00e9 marqu\u00e9e par la mod\u00e9ration de la vice-pr\u00e9sidente du CNP, Fatima-Zahra Ouriaghli a \u00e9t\u00e9 ponctu\u00e9e par la pr\u00e9sence d\u2019une pl\u00e9iade d\u2019ambassadeurs et de repr\u00e9sentants du corps diplomatique et consulaire accr\u00e9dit\u00e9s au Maroc.<\/p>\n<p class=\"c4\">En outre, lors de l\u2019inauguration du Si\u00e8ge, le chef du gouvernement Sa\u00e2deddine a donn\u00e9 une allocution. El Otmani, a soulign\u00e9 que \u00ab\u00a0la cr\u00e9ation du\u00a0 CNP et sa mise en \u0153uvre constituent une valeur ajout\u00e9e pour le paysage m\u00e9diatique national\u00bb. Il a \u00e9galement soulign\u00e9 en outre que les journalistes ont une t\u00e2che\u00a0 importante et majeure pour \u00e9clairer l\u2019opinion publique, et cela exige, dit il, la structuration et l\u2019organisation de la profession notamment dans le contexte actuel \u00e0 l\u2019\u00e9chelle nationale et internationale qui\u00a0 connait une v\u00e9ritable\u00a0 dynamique, mais aussi de fake news et d\u2019infox.<\/p>\n<p class=\"c4\">Le chef du gouvernement a ainsi mis l\u2019accent sur les r\u00e9alisations des 20 ans de progr\u00e8s et de grandes r\u00e9alisations sous le r\u00e8gne de Sa Majest\u00e9 le Roi Mohammed VI dans tous les domaines y compris le secteur de la presse et des m\u00e9dias. Par ailleurs, il a exprim\u00e9 sa volont\u00e9 de coop\u00e9rer davantage avec les journalistes et les professionnels du m\u00e9tier \u00a0afin\u00a0 de r\u00e9ussir le chantier de la r\u00e9forme, tout en faisant un clin d\u2019\u0153il au r\u00f4le fondamental des journalistes dans le plaidoyer et l\u2019appellation aux r\u00e9formes. \u00a0\u00a0Selon lui, le regard critique de la presse contribue entre autres dans le processus du d\u00e9veloppement et des formes.<\/p>\n<p class=\"c4\">Le ministre de la Culture et de la Communication, Mohamed El Aaraj, de son c\u00f4t\u00e9 a mis l\u2019accent sur les avanc\u00e9es du Maroc dans le domaine de la l\u00e9gislation, notamment la cr\u00e9ation du\u00a0 CNP, qui d\u2019apr\u00e8s lui, participe fortement pour la promotion, la valorisation \u00a0et le\u00a0 renforcement de la libert\u00e9 de l\u2019expression. Aussi, a port\u00e9 un regard sur les attentes auxquelles \u00a0aspirent les professionnels du domaine.<\/p>\n<p class=\"c4\">Le pr\u00e9sident du CNP Younes Moujahid, quant \u00e0 lui, \u00a0a braqu\u00e9 les projeteurs sur \u00a0le processus et le parcours qui ont \u00a0\u00e9t\u00e9 r\u00e9alis\u00e9s par le Maroc en mati\u00e8re de la r\u00e9forme du secteur de la communication\u00a0 depuis les ann\u00e9es 90 du si\u00e8cle dernier. Les reformes qui ont \u00e9t\u00e9 faites dans ce domaine, a-t-il ajout\u00e9, ont constitu\u00e9 un\u00a0 pas important dans le secteur de la presse et des m\u00e9dias au Maroc.<\/p>\n<p class=\"c4\">Il a rappel\u00e9 \u00e9galement le parcours des r\u00e9formes qui ont \u00e9t\u00e9 accomplies soit \u00e0 travers le syndicat national de la presse marocaine ou encore la F\u00e9d\u00e9ration Marocaine Des Editeurs De Journaux qui ont \u0153uvr\u00e9 pour l\u2019am\u00e9lioration des conditions de la profession, ainsi que le progr\u00e8s qui a \u00e9t\u00e9 enregistr\u00e9 dans le secteur \u00e0 travers l\u2019engagement entre les \u00e9diteurs et le gouvernement.<\/p>\n<p class=\"c4\">Younes Moujahid n\u2019a pas manqu\u00e9 de rappeler les grandes \u00e9tapes de la r\u00e9forme du secteur, notamment avec la r\u00e9forme de la loi de la presse. Dans son mot, Moujahid a \u00e9voqu\u00e9 le r\u00f4le\u00a0 des discours royaux qui ont mis les jalons pour une r\u00e9forme de la profession avec une approche participation avec tous les professionnels et les acteurs dans le secteur. Il a soulign\u00e9 que la mise en \u0153uvre du conseil est un pas important dans l\u2019organisation et la structuration du secteur. Selon lui,\u00a0 le conseil doit \u00eatre un acteur important dans la production r\u00e8gles et des connaissances et collaborer avec les diff\u00e9rentes institutions nationales afin d\u00e9velopper le secteur sur tous les plans.<\/p>\n<p class=\"c5\"><strong>Mohamed Nait Youssef<\/strong><\/p>\n<p>Auteur: M&rsquo;hammed rahal<br \/>\n<a href=\"http:\/\/albayane.press.ma\/le-conseil-national-de-la-presse-inaugure-son-siege-a-rabat.html\">Cliquez ici pour lire l&rsquo;article depuis sa source.<\/a><\/p>\n","protected":false},"excerpt":{"rendered":"<p>Un instant m\u00e9morable, voire historique pour le Conseil national de la presse (CNP). Ce dernier a inaugur\u00e9 jeudi 25 juillet son si\u00e8ge \u00e0\u00a0 Rabat en pr\u00e9sence des personnalit\u00e9s importantes du \u00a0monde de la presse, de la politique, de la diplomatie et de la culture. Apr\u00e8s presque une ann\u00e9e d\u2019installation et lancement de ses activit\u00e9s, le [&hellip;]<\/p>\n","protected":false},"author":1760,"featured_media":48983,"comment_status":"closed","ping_status":"closed","sticky":false,"template":"","format":"standard","meta":{"fifu_image_url":"","fifu_image_alt":"","footnotes":""},"categories":[73,54],"tags":[],"class_list":["post-48982","post","type-post","status-publish","format-standard","has-post-thumbnail","hentry","category-actualite","category-maroc"],"_links":{"self":[{"href":"https:\/\/linitiative.ca\/International\/wp-json\/wp\/v2\/posts\/48982","targetHints":{"allow":["GET"]}}],"collection":[{"href":"https:\/\/linitiative.ca\/International\/wp-json\/wp\/v2\/posts"}],"about":[{"href":"https:\/\/linitiative.ca\/International\/wp-json\/wp\/v2\/types\/post"}],"author":[{"embeddable":true,"href":"https:\/\/linitiative.ca\/International\/wp-json\/wp\/v2\/users\/1760"}],"replies":[{"embeddable":true,"href":"https:\/\/linitiative.ca\/International\/wp-json\/wp\/v2\/comments?post=48982"}],"version-history":[{"count":0,"href":"https:\/\/linitiative.ca\/International\/wp-json\/wp\/v2\/posts\/48982\/revisions"}],"wp:featuredmedia":[{"embeddable":true,"href":"https:\/\/linitiative.ca\/International\/wp-json\/"}],"wp:attachment":[{"href":"https:\/\/linitiative.ca\/International\/wp-json\/wp\/v2\/media?parent=48982"}],"wp:term":[{"taxonomy":"category","embeddable":true,"href":"https:\/\/linitiative.ca\/International\/wp-json\/wp\/v2\/categories?post=48982"},{"taxonomy":"post_tag","embeddable":true,"href":"https:\/\/linitiative.ca\/International\/wp-json\/wp\/v2\/tags?post=48982"}],"curies":[{"name":"wp","href":"https:\/\/api.w.org\/{rel}","templated":true}]}}