{"id":48991,"date":"2019-07-28T06:00:00","date_gmt":"2019-07-28T10:00:00","guid":{"rendered":"https:\/\/linitiative.ca\/International\/position-commune-vis-a-vis-du-panel-mercredi\/"},"modified":"2019-07-28T06:00:00","modified_gmt":"2019-07-28T10:00:00","slug":"position-commune-vis-a-vis-du-panel-mercredi","status":"publish","type":"post","link":"https:\/\/linitiative.ca\/International\/position-commune-vis-a-vis-du-panel-mercredi\/","title":{"rendered":"Position commune vis-\u00e0-vis du panel mercredi"},"content":{"rendered":"<div id=\"originalText\" readability=\"52\">\n<p>Les Forces de l\u2019alternative d\u00e9mocratique (FAD) pr\u00e9voient une r\u00e9union au sommet au cours de cette semaine, fort probablement mercredi 31 juillet. Le rendez-vous sera consacr\u00e9 \u00e0 la d\u00e9finition des th\u00e9matiques des rencontres et des ateliers qu\u2019elles devaient organiser pr\u00e9alablement \u00e0 la grande conf\u00e9rence politique de la rentr\u00e9e.<\/p>\n<p>Les FAD, qui regroupent 7 partis politiques de la mouvance d\u00e9mocratique, \u00e0 savoir le RCD, le FFS, l\u2019UCP, le PLD, le MDS, le PT et le PST, ainsi que la Ligue alg\u00e9rienne de d\u00e9fense des droits de l\u2019homme (LADDH), mettraient \u00e0 profit cette r\u00e9union, a-t-on appris de bonne source, pour exprimer une position vis-\u00e0-vis du panel install\u00e9 par Abdelkader Bensalah pour conduire et animer le dialogue en vue de l\u2019\u00e9lection pr\u00e9sidentielle.\u00a0\u00a0<\/p>\n<\/div>\n<div id=\"text_core\" readability=\"52\">\n<p>Les Forces de l\u2019alternative d\u00e9mocratique (FAD) pr\u00e9voient une r\u00e9union au sommet au cours de cette semaine, fort probablement mercredi 31 juillet. Le rendez-vous sera consacr\u00e9 \u00e0 la d\u00e9finition des th\u00e9matiques des rencontres et des ateliers qu\u2019elles devaient organiser pr\u00e9alablement \u00e0 la grande conf\u00e9rence politique de la rentr\u00e9e.<\/p>\n<p>Les FAD, qui regroupent 7 partis politiques de la mouvance d\u00e9mocratique, \u00e0 savoir le RCD, le FFS, l\u2019UCP, le PLD, le MDS, le PT et le PST, ainsi que la Ligue alg\u00e9rienne de d\u00e9fense des droits de l\u2019homme (LADDH), mettraient \u00e0 profit cette r\u00e9union, a-t-on appris de bonne source, pour exprimer une position vis-\u00e0-vis du panel install\u00e9 par Abdelkader Bensalah pour conduire et animer le dialogue en vue de l\u2019\u00e9lection pr\u00e9sidentielle.\u00a0\u00a0<\/p>\n<\/div>\n<p>Auteur:<br \/>\n<a href=\"https:\/\/www.liberte-algerie.com\/radar\/position-commune-vis-a-vis-du-panel-mercredi-320782\">Cliquez ici pour lire l&rsquo;article depuis sa source.<\/a><\/p>\n","protected":false},"excerpt":{"rendered":"<p>Les Forces de l\u2019alternative d\u00e9mocratique (FAD) pr\u00e9voient une r\u00e9union au sommet au cours de cette semaine, fort probablement mercredi 31 juillet. Le rendez-vous sera consacr\u00e9 \u00e0 la d\u00e9finition des th\u00e9matiques des rencontres et des ateliers qu\u2019elles devaient organiser pr\u00e9alablement \u00e0 la grande conf\u00e9rence politique de la rentr\u00e9e. Les FAD, qui regroupent 7 partis politiques de [&hellip;]<\/p>\n","protected":false},"author":1742,"featured_media":0,"comment_status":"closed","ping_status":"closed","sticky":false,"template":"","format":"standard","meta":{"fifu_image_url":"","fifu_image_alt":"","footnotes":""},"categories":[73,53],"tags":[],"class_list":["post-48991","post","type-post","status-publish","format-standard","hentry","category-actualite","category-algerie"],"_links":{"self":[{"href":"https:\/\/linitiative.ca\/International\/wp-json\/wp\/v2\/posts\/48991","targetHints":{"allow":["GET"]}}],"collection":[{"href":"https:\/\/linitiative.ca\/International\/wp-json\/wp\/v2\/posts"}],"about":[{"href":"https:\/\/linitiative.ca\/International\/wp-json\/wp\/v2\/types\/post"}],"author":[{"embeddable":true,"href":"https:\/\/linitiative.ca\/International\/wp-json\/wp\/v2\/users\/1742"}],"replies":[{"embeddable":true,"href":"https:\/\/linitiative.ca\/International\/wp-json\/wp\/v2\/comments?post=48991"}],"version-history":[{"count":0,"href":"https:\/\/linitiative.ca\/International\/wp-json\/wp\/v2\/posts\/48991\/revisions"}],"wp:attachment":[{"href":"https:\/\/linitiative.ca\/International\/wp-json\/wp\/v2\/media?parent=48991"}],"wp:term":[{"taxonomy":"category","embeddable":true,"href":"https:\/\/linitiative.ca\/International\/wp-json\/wp\/v2\/categories?post=48991"},{"taxonomy":"post_tag","embeddable":true,"href":"https:\/\/linitiative.ca\/International\/wp-json\/wp\/v2\/tags?post=48991"}],"curies":[{"name":"wp","href":"https:\/\/api.w.org\/{rel}","templated":true}]}}