{"id":48993,"date":"2019-07-28T06:00:00","date_gmt":"2019-07-28T10:00:00","guid":{"rendered":"https:\/\/linitiative.ca\/International\/vu-a-setif\/"},"modified":"2019-07-28T06:00:00","modified_gmt":"2019-07-28T10:00:00","slug":"vu-a-setif","status":"publish","type":"post","link":"https:\/\/linitiative.ca\/International\/vu-a-setif\/","title":{"rendered":"Vu \u00e0 S\u00e9tif"},"content":{"rendered":"<div id=\"originalText\" readability=\"35\">\n<p>La location des salles des f\u00eates pour la c\u00e9l\u00e9bration des mariages et autres circoncisions devenant de plus en plus ch\u00e8re, de nombreuses familles \u00e9rigent des tentes et am\u00e9nagent des espaces d\u00e9di\u00e9s \u00e0 la f\u00eate en pleine rue.<\/p>\n<\/div>\n<div id=\"text_core\" readability=\"35\">\n<p>La location des salles des f\u00eates pour la c\u00e9l\u00e9bration des mariages et autres circoncisions devenant de plus en plus ch\u00e8re, de nombreuses familles \u00e9rigent des tentes et am\u00e9nagent des espaces d\u00e9di\u00e9s \u00e0 la f\u00eate en pleine rue.<\/p>\n<\/div>\n<p>Auteur:<br \/>\n<a href=\"https:\/\/www.liberte-algerie.com\/radar\/vu-a-setif-320780\">Cliquez ici pour lire l&rsquo;article depuis sa source.<\/a><\/p>\n","protected":false},"excerpt":{"rendered":"<p>La location des salles des f\u00eates pour la c\u00e9l\u00e9bration des mariages et autres circoncisions devenant de plus en plus ch\u00e8re, de nombreuses familles \u00e9rigent des tentes et am\u00e9nagent des espaces d\u00e9di\u00e9s \u00e0 la f\u00eate en pleine rue. La location des salles des f\u00eates pour la c\u00e9l\u00e9bration des mariages et autres circoncisions devenant de plus en [&hellip;]<\/p>\n","protected":false},"author":1742,"featured_media":0,"comment_status":"closed","ping_status":"closed","sticky":false,"template":"","format":"standard","meta":{"fifu_image_url":"","fifu_image_alt":"","footnotes":""},"categories":[73,53],"tags":[],"class_list":["post-48993","post","type-post","status-publish","format-standard","hentry","category-actualite","category-algerie"],"_links":{"self":[{"href":"https:\/\/linitiative.ca\/International\/wp-json\/wp\/v2\/posts\/48993","targetHints":{"allow":["GET"]}}],"collection":[{"href":"https:\/\/linitiative.ca\/International\/wp-json\/wp\/v2\/posts"}],"about":[{"href":"https:\/\/linitiative.ca\/International\/wp-json\/wp\/v2\/types\/post"}],"author":[{"embeddable":true,"href":"https:\/\/linitiative.ca\/International\/wp-json\/wp\/v2\/users\/1742"}],"replies":[{"embeddable":true,"href":"https:\/\/linitiative.ca\/International\/wp-json\/wp\/v2\/comments?post=48993"}],"version-history":[{"count":0,"href":"https:\/\/linitiative.ca\/International\/wp-json\/wp\/v2\/posts\/48993\/revisions"}],"wp:attachment":[{"href":"https:\/\/linitiative.ca\/International\/wp-json\/wp\/v2\/media?parent=48993"}],"wp:term":[{"taxonomy":"category","embeddable":true,"href":"https:\/\/linitiative.ca\/International\/wp-json\/wp\/v2\/categories?post=48993"},{"taxonomy":"post_tag","embeddable":true,"href":"https:\/\/linitiative.ca\/International\/wp-json\/wp\/v2\/tags?post=48993"}],"curies":[{"name":"wp","href":"https:\/\/api.w.org\/{rel}","templated":true}]}}