{"id":48997,"date":"2019-07-28T09:55:00","date_gmt":"2019-07-28T13:55:00","guid":{"rendered":"https:\/\/linitiative.ca\/International\/9-morts-et-13-blessees-dans-un-accident-a-setif\/"},"modified":"2019-07-28T09:55:00","modified_gmt":"2019-07-28T13:55:00","slug":"9-morts-et-13-blessees-dans-un-accident-a-setif","status":"publish","type":"post","link":"https:\/\/linitiative.ca\/International\/9-morts-et-13-blessees-dans-un-accident-a-setif\/","title":{"rendered":"9 morts et 13 bless\u00e9es dans un accident \u00e0 S\u00e9tif"},"content":{"rendered":"<div id=\"originalText\" readability=\"50\">\n<p>Une collision frontale entre un bus et un camion semi-remorque est survenue, dans la matin\u00e9e de ce dimanche,\u00a0 \u00e0 S\u00e9tif, faisant 9 morts et treize bless\u00e9s, a-t-on appris aupr\u00e8s des services de la protection civile.<\/p>\n<p>Contact\u00e9 par Libert\u00e9, le Colonel Farouk Achour, directeur de l\u2019information et de statistiques \u00e0 la Protection civile, a indiqu\u00e9 que \u00abl\u2019accident est survenu sur la route nationale n\u00b05, dans la commune d\u2019Ouled Sabor\u00bb, en pr\u00e9cisant que \u00ab\u00a0les agents de la protection civile, ont enregistr\u00e9 9 morts et treize bless\u00e9s, dont certains\u00a0dans un \u00e9tat grave\u00a0\u00bb.<br \/>\u00a0<br \/>Une enqu\u00eate est en cours pour d\u00e9terminer les circonstances exactes\u00a0de l\u2019accident.<\/p>\n<p class=\"c10\"><strong>Sihem Benmalek<\/strong><\/p>\n<\/div>\n<div id=\"text_core\" readability=\"50\">\n<p>Une collision frontale entre un bus et un camion semi-remorque est survenue, dans la matin\u00e9e de ce dimanche,\u00a0 \u00e0 S\u00e9tif, faisant 9 morts et treize bless\u00e9s, a-t-on appris aupr\u00e8s des services de la protection civile.<\/p>\n<p>Contact\u00e9 par Libert\u00e9, le Colonel Farouk Achour, directeur de l\u2019information et de statistiques \u00e0 la Protection civile, a indiqu\u00e9 que \u00abl\u2019accident est survenu sur la route nationale n\u00b05, dans la commune d\u2019Ouled Sabor\u00bb, en pr\u00e9cisant que \u00ab\u00a0les agents de la protection civile, ont enregistr\u00e9 9 morts et treize bless\u00e9s, dont certains\u00a0dans un \u00e9tat grave\u00a0\u00bb.<br \/>\u00a0<br \/>Une enqu\u00eate est en cours pour d\u00e9terminer les circonstances exactes\u00a0de l\u2019accident.<\/p>\n<p class=\"c10\"><strong>Sihem Benmalek<\/strong><\/p>\n<\/div>\n<p>Auteur:<br \/>\n<a href=\"https:\/\/www.liberte-algerie.com\/actualite\/9-morts-et-13-blessees-dans-un-accident-a-setif-320840\">Cliquez ici pour lire l&rsquo;article depuis sa source.<\/a><\/p>\n","protected":false},"excerpt":{"rendered":"<p>Une collision frontale entre un bus et un camion semi-remorque est survenue, dans la matin\u00e9e de ce dimanche,\u00a0 \u00e0 S\u00e9tif, faisant 9 morts et treize bless\u00e9s, a-t-on appris aupr\u00e8s des services de la protection civile. Contact\u00e9 par Libert\u00e9, le Colonel Farouk Achour, directeur de l\u2019information et de statistiques \u00e0 la Protection civile, a indiqu\u00e9 que [&hellip;]<\/p>\n","protected":false},"author":1742,"featured_media":0,"comment_status":"closed","ping_status":"closed","sticky":false,"template":"","format":"standard","meta":{"fifu_image_url":"","fifu_image_alt":"","footnotes":""},"categories":[73,53],"tags":[],"class_list":["post-48997","post","type-post","status-publish","format-standard","hentry","category-actualite","category-algerie"],"_links":{"self":[{"href":"https:\/\/linitiative.ca\/International\/wp-json\/wp\/v2\/posts\/48997","targetHints":{"allow":["GET"]}}],"collection":[{"href":"https:\/\/linitiative.ca\/International\/wp-json\/wp\/v2\/posts"}],"about":[{"href":"https:\/\/linitiative.ca\/International\/wp-json\/wp\/v2\/types\/post"}],"author":[{"embeddable":true,"href":"https:\/\/linitiative.ca\/International\/wp-json\/wp\/v2\/users\/1742"}],"replies":[{"embeddable":true,"href":"https:\/\/linitiative.ca\/International\/wp-json\/wp\/v2\/comments?post=48997"}],"version-history":[{"count":0,"href":"https:\/\/linitiative.ca\/International\/wp-json\/wp\/v2\/posts\/48997\/revisions"}],"wp:attachment":[{"href":"https:\/\/linitiative.ca\/International\/wp-json\/wp\/v2\/media?parent=48997"}],"wp:term":[{"taxonomy":"category","embeddable":true,"href":"https:\/\/linitiative.ca\/International\/wp-json\/wp\/v2\/categories?post=48997"},{"taxonomy":"post_tag","embeddable":true,"href":"https:\/\/linitiative.ca\/International\/wp-json\/wp\/v2\/tags?post=48997"}],"curies":[{"name":"wp","href":"https:\/\/api.w.org\/{rel}","templated":true}]}}