{"id":49000,"date":"2019-07-28T12:19:00","date_gmt":"2019-07-28T16:19:00","guid":{"rendered":"https:\/\/linitiative.ca\/International\/deux-mois-de-prison-avec-sursis-pour-deux-detenus-dopinion\/"},"modified":"2019-07-28T12:19:00","modified_gmt":"2019-07-28T16:19:00","slug":"deux-mois-de-prison-avec-sursis-pour-deux-detenus-dopinion","status":"publish","type":"post","link":"https:\/\/linitiative.ca\/International\/deux-mois-de-prison-avec-sursis-pour-deux-detenus-dopinion\/","title":{"rendered":"Deux mois de prison avec sursis pour deux d\u00e9tenus d\u2019opinion"},"content":{"rendered":"<div id=\"originalText\" readability=\"47\">\n<p class=\"c10\">Arr\u00eat\u00e9s le 21 juin \u00e0 Chlef, lors de la manifestation du vendredi, et plac\u00e9s en d\u00e9tention provisoire pour port de l\u2019embl\u00e8me Amazigh, Salim Ihadadene et Isma\u00efl A\u00eft Yahia Ali, ont \u00e9t\u00e9 condamn\u00e9s, ce dimanche, \u00e0 deux mois de prison avec sursis par la justice. Le procureur g\u00e9n\u00e9ral pr\u00e8s le tribunal de Chlef avait requis cinq ans de prison ferme et 100 millions de centimes.<\/p>\n<p class=\"c10\">Selon Me Salah Brahimi du b\u00e2tonnat de Tizi Ouzou, et membre du collectif d\u2019avocats qui s\u2019est d\u00e9plac\u00e9 \u00e0 Chlef pour plaider la cause des deux d\u00e9tenus, \u00abla d\u00e9fense compte faire appel\u00bb du jugement rendu ce dimanche.<\/p>\n<p class=\"c11\"><strong>R\u00e9daction Web<\/strong><\/p>\n<\/div>\n<div id=\"text_core\" readability=\"47\">\n<p class=\"c10\">Arr\u00eat\u00e9s le 21 juin \u00e0 Chlef, lors de la manifestation du vendredi, et plac\u00e9s en d\u00e9tention provisoire pour port de l\u2019embl\u00e8me Amazigh, Salim Ihadadene et Isma\u00efl A\u00eft Yahia Ali, ont \u00e9t\u00e9 condamn\u00e9s, ce dimanche, \u00e0 deux mois de prison avec sursis par la justice. Le procureur g\u00e9n\u00e9ral pr\u00e8s le tribunal de Chlef avait requis cinq ans de prison ferme et 100 millions de centimes.<\/p>\n<p class=\"c10\">Selon Me Salah Brahimi du b\u00e2tonnat de Tizi Ouzou, et membre du collectif d\u2019avocats qui s\u2019est d\u00e9plac\u00e9 \u00e0 Chlef pour plaider la cause des deux d\u00e9tenus, \u00abla d\u00e9fense compte faire appel\u00bb du jugement rendu ce dimanche.<\/p>\n<p class=\"c11\"><strong>R\u00e9daction Web<\/strong><\/p>\n<\/div>\n<p>Auteur:<br \/>\n<a href=\"https:\/\/www.liberte-algerie.com\/actualite\/deux-mois-de-prison-avec-sursis-pour-deux-detenus-dopinion-320843\">Cliquez ici pour lire l&rsquo;article depuis sa source.<\/a><\/p>\n","protected":false},"excerpt":{"rendered":"<p>Arr\u00eat\u00e9s le 21 juin \u00e0 Chlef, lors de la manifestation du vendredi, et plac\u00e9s en d\u00e9tention provisoire pour port de l\u2019embl\u00e8me Amazigh, Salim Ihadadene et Isma\u00efl A\u00eft Yahia Ali, ont \u00e9t\u00e9 condamn\u00e9s, ce dimanche, \u00e0 deux mois de prison avec sursis par la justice. Le procureur g\u00e9n\u00e9ral pr\u00e8s le tribunal de Chlef avait requis cinq [&hellip;]<\/p>\n","protected":false},"author":1742,"featured_media":0,"comment_status":"closed","ping_status":"closed","sticky":false,"template":"","format":"standard","meta":{"fifu_image_url":"","fifu_image_alt":"","footnotes":""},"categories":[73,53],"tags":[],"class_list":["post-49000","post","type-post","status-publish","format-standard","hentry","category-actualite","category-algerie"],"_links":{"self":[{"href":"https:\/\/linitiative.ca\/International\/wp-json\/wp\/v2\/posts\/49000","targetHints":{"allow":["GET"]}}],"collection":[{"href":"https:\/\/linitiative.ca\/International\/wp-json\/wp\/v2\/posts"}],"about":[{"href":"https:\/\/linitiative.ca\/International\/wp-json\/wp\/v2\/types\/post"}],"author":[{"embeddable":true,"href":"https:\/\/linitiative.ca\/International\/wp-json\/wp\/v2\/users\/1742"}],"replies":[{"embeddable":true,"href":"https:\/\/linitiative.ca\/International\/wp-json\/wp\/v2\/comments?post=49000"}],"version-history":[{"count":0,"href":"https:\/\/linitiative.ca\/International\/wp-json\/wp\/v2\/posts\/49000\/revisions"}],"wp:attachment":[{"href":"https:\/\/linitiative.ca\/International\/wp-json\/wp\/v2\/media?parent=49000"}],"wp:term":[{"taxonomy":"category","embeddable":true,"href":"https:\/\/linitiative.ca\/International\/wp-json\/wp\/v2\/categories?post=49000"},{"taxonomy":"post_tag","embeddable":true,"href":"https:\/\/linitiative.ca\/International\/wp-json\/wp\/v2\/tags?post=49000"}],"curies":[{"name":"wp","href":"https:\/\/api.w.org\/{rel}","templated":true}]}}