{"id":49001,"date":"2019-07-28T05:38:59","date_gmt":"2019-07-28T09:38:59","guid":{"rendered":"https:\/\/linitiative.ca\/International\/levee-de-rideau-du-2e-festival-couleurs-de-mogador\/"},"modified":"2019-07-28T05:38:59","modified_gmt":"2019-07-28T09:38:59","slug":"levee-de-rideau-du-2e-festival-couleurs-de-mogador","status":"publish","type":"post","link":"https:\/\/linitiative.ca\/International\/levee-de-rideau-du-2e-festival-couleurs-de-mogador\/","title":{"rendered":"Lev\u00e9e de rideau du 2\u00e8 Festival \u00ab\u00a0Couleurs de Mogador\u00a0\u00bb"},"content":{"rendered":"<div readability=\"35\">\n<p>Essaouira \u2013 La ville d\u2019Essaouira vibre jusqu\u2019au 28 juillet aux rythmes de la 2\u00e8me \u00e9dition du Festival international \u00ab\u00a0Couleurs de Mogador\u00a0\u00bb, un \u00e9v\u00e9nement \u00e9clectique d\u00e9di\u00e9 \u00e0 mettre en avant les arts dans leur diversit\u00e9 et leur richesse.<\/p>\n<\/div>\n<div readability=\"94\">\n<p>Initi\u00e9 par l\u2019Association \u00ab\u00a0Couleurs de Mogador\u00a0\u00bb, ce festival vient s\u2019ajouter \u00e0 l\u2019ensemble des \u00e9v\u00e9nements culturels et artistiques organis\u00e9s dans la cit\u00e9 des Aliz\u00e9s et ambitionne de contribuer \u00e0 cette dynamique que conna\u00eet la ville en tant que destination incontournable des arts, de la culture et de la musique.<\/p>\n<p>Dans une allocution de circonstance, le pr\u00e9sident de l\u2019Association \u00ab\u00a0Couleurs de Mogador\u00a0\u00bb, Abdelfattah Loukid, a relev\u00e9 que cette \u00e9dition, qui se tient dans le cadre des festivit\u00e9s marquant le 20\u00e8 anniversaire de la F\u00eate du Tr\u00f4ne, se veut l\u2019occasion de mettre en lumi\u00e8re la beaut\u00e9 et la singularit\u00e9 des arts plastiques, tout en promouvant l\u2019esprit d\u2019initiative, de solidarit\u00e9 et de participation.<\/p>\n<p>Le festival \u00ab\u00a0Couleurs de Mogador\u00a0\u00bb, qui b\u00e9n\u00e9ficie du concours de l\u2019Association Essaouira-Mogador, du Conseil communal de la ville et de la direction provinciale de la Culture, offre \u00e9galement un espace idoine d\u2019\u00e9change et d\u2019interactivit\u00e9 culturels et artistiques entre artistes marocains et \u00e9trangers, a-t-il ajout\u00e9, mettant en avant l\u2019importance de ce rendez-vous en termes de d\u00e9veloppement et d\u2019encouragement des jeunes talents, tout en leur permettant d\u2019acqu\u00e9rir un savoir-faire et une expertise av\u00e9r\u00e9s dans le domaine artistique et de la participation collective.<\/p>\n<p>Il s\u2019agit de stimuler chez les festivaliers ce go\u00fbt et cette fibre artistique et esth\u00e9tique et de d\u00e9couvrir la beaut\u00e9, la singularit\u00e9 et l\u2019authenticit\u00e9 de ce patrimoine s\u00e9culaire, a pr\u00e9cis\u00e9 M. Loukid, expliquant que l\u2019ambition de ce festival est de promouvoir \u00e9galement le tourisme selon de nouveaux concepts et formes tout en mettant en exergue la splendeur et le charme d\u2019Essaouira, via des cr\u00e9ations artistiques riches en couleurs.<\/p>\n<p>Par la m\u00eame occasion, il a \u00e9mis le voeu de voir ce festival grandir et s\u2019inscrire d\u00e9sormais sur la liste des rendez-vous annuels qui contribuent au rayonnement culturel et artistique de la ville d\u2019Essaouira.<\/p>\n<p>L\u2019un des moments forts de ce festival a \u00e9t\u00e9 le concert musical donn\u00e9 \u00e0 l\u2019ouverture, par la troupe gnaouie du Ma\u00e2lem Akheraz, le temps de gratifier le public pr\u00e9sent d\u2019un floril\u00e8ge de chansons tir\u00e9es du r\u00e9pertoire musical ancestral et de permettre aux jeunes festivaliers de renouer avec ce style musical.<\/p>\n<p>Par la suite, c\u2019est aux rythmes et chants gnaouis que l\u2019artiste-plasticien en provenance d\u2019Agadir, Khalid Bouhali a con\u00e7u une toile refl\u00e9tant la Sekkala d\u2019Essaouira, entour\u00e9e de vagues oc\u00e9aniques et se dressant comme t\u00e9moin d\u2019\u00e9tapes rayonnantes de l\u2019histoire de cette belle cit\u00e9.<\/p>\n<p>Toujours \u00e0 l\u2019espace de Dar Souiri, les festivaliers ont \u00e9t\u00e9 convi\u00e9s \u00e0 assister au vernissage d\u2019une exposition collective de toiles soigneusement confectionn\u00e9es par de jeunes artistes souiris et ce, plus le plaisir et le bonheur de tous.<\/p>\n<\/div>\n<p>Auteur: Meriem IGASS<br \/>\n<a href=\"http:\/\/www.mapmarrakech.ma\/fr\/essaouira-a-lheure-du-festival-couleurs-de-mogador\/\">Cliquez ici pour lire l&rsquo;article depuis sa source.<\/a><\/p>\n","protected":false},"excerpt":{"rendered":"<p>Essaouira \u2013 La ville d\u2019Essaouira vibre jusqu\u2019au 28 juillet aux rythmes de la 2\u00e8me \u00e9dition du Festival international \u00ab\u00a0Couleurs de Mogador\u00a0\u00bb, un \u00e9v\u00e9nement \u00e9clectique d\u00e9di\u00e9 \u00e0 mettre en avant les arts dans leur diversit\u00e9 et leur richesse. Initi\u00e9 par l\u2019Association \u00ab\u00a0Couleurs de Mogador\u00a0\u00bb, ce festival vient s\u2019ajouter \u00e0 l\u2019ensemble des \u00e9v\u00e9nements culturels et artistiques organis\u00e9s [&hellip;]<\/p>\n","protected":false},"author":1788,"featured_media":0,"comment_status":"closed","ping_status":"closed","sticky":false,"template":"","format":"standard","meta":{"fifu_image_url":"","fifu_image_alt":"","footnotes":""},"categories":[54,76],"tags":[],"class_list":["post-49001","post","type-post","status-publish","format-standard","hentry","category-maroc","category-regions"],"_links":{"self":[{"href":"https:\/\/linitiative.ca\/International\/wp-json\/wp\/v2\/posts\/49001","targetHints":{"allow":["GET"]}}],"collection":[{"href":"https:\/\/linitiative.ca\/International\/wp-json\/wp\/v2\/posts"}],"about":[{"href":"https:\/\/linitiative.ca\/International\/wp-json\/wp\/v2\/types\/post"}],"author":[{"embeddable":true,"href":"https:\/\/linitiative.ca\/International\/wp-json\/wp\/v2\/users\/1788"}],"replies":[{"embeddable":true,"href":"https:\/\/linitiative.ca\/International\/wp-json\/wp\/v2\/comments?post=49001"}],"version-history":[{"count":0,"href":"https:\/\/linitiative.ca\/International\/wp-json\/wp\/v2\/posts\/49001\/revisions"}],"wp:attachment":[{"href":"https:\/\/linitiative.ca\/International\/wp-json\/wp\/v2\/media?parent=49001"}],"wp:term":[{"taxonomy":"category","embeddable":true,"href":"https:\/\/linitiative.ca\/International\/wp-json\/wp\/v2\/categories?post=49001"},{"taxonomy":"post_tag","embeddable":true,"href":"https:\/\/linitiative.ca\/International\/wp-json\/wp\/v2\/tags?post=49001"}],"curies":[{"name":"wp","href":"https:\/\/api.w.org\/{rel}","templated":true}]}}