{"id":49002,"date":"2019-07-28T06:20:25","date_gmt":"2019-07-28T10:20:25","guid":{"rendered":"https:\/\/linitiative.ca\/International\/lancement-de-plusieurs-projets-socio-economiques\/"},"modified":"2019-07-28T06:20:25","modified_gmt":"2019-07-28T10:20:25","slug":"lancement-de-plusieurs-projets-socio-economiques","status":"publish","type":"post","link":"https:\/\/linitiative.ca\/International\/lancement-de-plusieurs-projets-socio-economiques\/","title":{"rendered":"Lancement de plusieurs projets socio-\u00e9conomiques"},"content":{"rendered":"<div readability=\"36\">\n<p>Essaouira \u2013 Plusieurs projets de d\u00e9veloppement socio-\u00e9conomique ont \u00e9t\u00e9 lanc\u00e9s et d\u2019autres inaugur\u00e9s, dans plusieurs communes de la province d\u2019Essaouira et ce, \u00e0 l\u2019occasion de la c\u00e9l\u00e9bration du 20\u00e8 anniversaire de la glorieuse f\u00eate du Tr\u00f4ne.<\/p>\n<\/div>\n<div readability=\"148\">\n<p>Ainsi, au Cercle d\u2019Ounagha, le gouverneur de la province, Adil El Maliki et la d\u00e9l\u00e9gation l\u2019accompagnant ont proc\u00e9d\u00e9 au lancement des travaux d\u2019am\u00e9nagement du circuit routier reliant la commune territoriale d\u2019Ounagha et le village d\u2019A\u00eft Hammou relevant de la commune territoriale d\u2019Ait Said, sur une longueur de 10,7 km, ainsi que de la route principale 2212 reliant le village d\u2019Ait Hammou et la commune territoriale de Meskala, sur une distance de 13,5 km.<\/p>\n<p>Inscrit dans le cadre du programme de r\u00e9duction des disparit\u00e9s territoriales et sociales en milieu rural, ces deux projets se fixent pour missions le d\u00e9senclavement de certains villages relevant des communes d\u2019Ounagha, d\u2019Ait Said et de Meskala, la facilitation de l\u2019acc\u00e8s aux services de base, et la promotion de la commercialisation des mati\u00e8res premi\u00e8res.<\/p>\n<p>Ce projet, dont le montant s\u2019\u00e9l\u00e8ve \u00e0 13.125.850,00 DH, devra b\u00e9n\u00e9ficier \u00e0 une population estim\u00e9e \u00e0 plus de 5.866 \u00e2mes.<\/p>\n<p>Au cercle d\u2019El Hanchane, M. El Maliki et la d\u00e9l\u00e9gation l\u2019accompagnant ont donn\u00e9 le coup d\u2019envoi des travaux de construction d\u2019un pont sur l\u2019Oued Afreh \u00e0 la commune de Mzilate, d\u2019un montant total de 6.115.273,20 DH.<\/p>\n<p>Ce projet, qui vise le d\u00e9senclavement de la population b\u00e9n\u00e9ficiaire, la facilitation de l\u2019acc\u00e8s aux services de base et la commercialisation des mati\u00e8res premi\u00e8res locales, sera r\u00e9alis\u00e9 dans le cadre d\u2019un partenariat entre le conseil de la r\u00e9gion de Marrakech-Safi, et l\u2019Initiative nationale pour le D\u00e9veloppement humain (INDH), notamment le programme de r\u00e9duction des disparit\u00e9s territoriales et sociales.<\/p>\n<p>Par la suite, le gouverneur a donn\u00e9 le coup d\u2019envoi des travaux d\u2019approvisionnement en eau potable des villages de Tiktene, Regague, et Cha\u00e2bat Laabid relevant de la commune territoriale de Mzilate.<\/p>\n<p>D\u2019un montant total de 1.689.948,00 DH, ce projet qui devra \u00e0 terme b\u00e9n\u00e9ficier \u00e0 940 habitants, se d\u00e9cline en la construction de r\u00e9servoirs d\u2019un volume de 30 m3 chacun, d\u2019une station de re-pompage d\u2019une capacit\u00e9 de 100 m3, la mise en place d\u2019une station de production de l\u2019\u00e9nergie solaire ainsi que de canaux de pompage et de distribution sur une distance de 7680 m.<\/p>\n<p>Au site des quartiers d\u2019Al Ghazoua, M. El Maliki et la d\u00e9l\u00e9gation l\u2019accompagnant ont proc\u00e9d\u00e9 au lancement des travaux de r\u00e9alisation de la route provinciale n\u00b02201 reliant El Ghazoua et Sidi Kaouki sur une longueur de 6,55 km.<\/p>\n<p>D\u2019un montant de 10,238 millions de DH, ce projet vise le d\u00e9senclavement des populations de certains villages relevant des communes territoriales d\u2019Essaouira et Sidi Kaouki, de faciliter l\u2019acc\u00e8s aux services administratifs, de r\u00e9duire les d\u00e9lais de transport, et de d\u00e9velopper les activit\u00e9s \u00e9conomiques et touristiques dans la zone.<\/p>\n<p>Par la suite, M. El Maliki et la d\u00e9l\u00e9gation officielle l\u2019accompagnant ont donn\u00e9 le coup d\u2019envoi des travaux de r\u00e9alisation du projet de station d\u2019\u00e9puration des eaux us\u00e9es d\u2019Al Ghazoua.<\/p>\n<p>D\u2019une valeur de 22.000.000 DH, la premi\u00e8re phase de ce projet porte sur le transfert des eaux us\u00e9es d\u2019El Ghazoua, la construction d\u2019une station d\u2019\u00e9puration des eaux us\u00e9es d\u2019une capacit\u00e9 de 1000 m3\/J, y compris le traitement tertiaire. Ce projet devra profiter \u00e0 20.000 habitants (4020 abonn\u00e9s eau potable).<\/p>\n<p>Au Cercle de Tamanar, le gouverneur s\u2019est arr\u00eat\u00e9 sur l\u2019ach\u00e8vement des travaux de la troisi\u00e8me phase d\u2019approvisionnement de la commune d\u2019Ida Guelloul en eau potable, et a proc\u00e9d\u00e9 au lancement de la mise en fonction de ce projet qui cible une population estim\u00e9e \u00e0 4.500 habitants.<\/p>\n<p>D\u2019un montant global de 6.233.862,12 DH, ce projet est financ\u00e9 \u00e0 hauteur de 1.479.276,00 DH par l\u2019INDH et \u00e0 4.754.586,12 DH par l\u2019initiative locale pour le d\u00e9veloppement humain.<\/p>\n<p>Il porte sur la mise en place de 56.600 m de longueur de canaux, la r\u00e9alisation de passerelles de la route nationale n\u00b01, la construction de deux stations de re-pompage d\u2019une capacit\u00e9 de 100 M3 chacune, la construction de deux r\u00e9servoirs d\u2019une capacit\u00e9 de 50 m3 chacun, d\u2019un r\u00e9servoir de 30 m3, d\u2019un r\u00e9servoir de 100 m3 et la mise en place d\u2019\u00e9quipements de pompage.<\/p>\n<p>Par la m\u00eame occasion, M. El Maliki et la d\u00e9l\u00e9gation officielle l\u2019accompagnant ont pris connaissance de l\u2019\u00e9tat d\u2019avancement du projet d\u2019approvisionnement en eau potable de la province d\u2019Essaouira.<\/p>\n<\/div>\n<p>Auteur: Meriem IGASS<br \/>\n<a href=\"http:\/\/www.mapmarrakech.ma\/fr\/lancement-de-plusieurs-projets-de-developpement-socio-economique\/\">Cliquez ici pour lire l&rsquo;article depuis sa source.<\/a><\/p>\n","protected":false},"excerpt":{"rendered":"<p>Essaouira \u2013 Plusieurs projets de d\u00e9veloppement socio-\u00e9conomique ont \u00e9t\u00e9 lanc\u00e9s et d\u2019autres inaugur\u00e9s, dans plusieurs communes de la province d\u2019Essaouira et ce, \u00e0 l\u2019occasion de la c\u00e9l\u00e9bration du 20\u00e8 anniversaire de la glorieuse f\u00eate du Tr\u00f4ne. Ainsi, au Cercle d\u2019Ounagha, le gouverneur de la province, Adil El Maliki et la d\u00e9l\u00e9gation l\u2019accompagnant ont proc\u00e9d\u00e9 au [&hellip;]<\/p>\n","protected":false},"author":1788,"featured_media":0,"comment_status":"closed","ping_status":"closed","sticky":false,"template":"","format":"standard","meta":{"fifu_image_url":"","fifu_image_alt":"","footnotes":""},"categories":[54,76],"tags":[],"class_list":["post-49002","post","type-post","status-publish","format-standard","hentry","category-maroc","category-regions"],"_links":{"self":[{"href":"https:\/\/linitiative.ca\/International\/wp-json\/wp\/v2\/posts\/49002","targetHints":{"allow":["GET"]}}],"collection":[{"href":"https:\/\/linitiative.ca\/International\/wp-json\/wp\/v2\/posts"}],"about":[{"href":"https:\/\/linitiative.ca\/International\/wp-json\/wp\/v2\/types\/post"}],"author":[{"embeddable":true,"href":"https:\/\/linitiative.ca\/International\/wp-json\/wp\/v2\/users\/1788"}],"replies":[{"embeddable":true,"href":"https:\/\/linitiative.ca\/International\/wp-json\/wp\/v2\/comments?post=49002"}],"version-history":[{"count":0,"href":"https:\/\/linitiative.ca\/International\/wp-json\/wp\/v2\/posts\/49002\/revisions"}],"wp:attachment":[{"href":"https:\/\/linitiative.ca\/International\/wp-json\/wp\/v2\/media?parent=49002"}],"wp:term":[{"taxonomy":"category","embeddable":true,"href":"https:\/\/linitiative.ca\/International\/wp-json\/wp\/v2\/categories?post=49002"},{"taxonomy":"post_tag","embeddable":true,"href":"https:\/\/linitiative.ca\/International\/wp-json\/wp\/v2\/tags?post=49002"}],"curies":[{"name":"wp","href":"https:\/\/api.w.org\/{rel}","templated":true}]}}