{"id":49003,"date":"2019-07-28T06:56:31","date_gmt":"2019-07-28T10:56:31","guid":{"rendered":"https:\/\/linitiative.ca\/International\/m-doukkali-sinforme-des-prestations-medicales-dispensees-par-les-centres-de-sante\/"},"modified":"2019-07-28T06:56:31","modified_gmt":"2019-07-28T10:56:31","slug":"m-doukkali-sinforme-des-prestations-medicales-dispensees-par-les-centres-de-sante","status":"publish","type":"post","link":"https:\/\/linitiative.ca\/International\/m-doukkali-sinforme-des-prestations-medicales-dispensees-par-les-centres-de-sante\/","title":{"rendered":"M. Doukkali s\u2019informe des prestations m\u00e9dicales dispens\u00e9es par les centres de sant\u00e9"},"content":{"rendered":"<p><iframe loading=\"lazy\" width=\"1170\" height=\"658\" src=\"https:\/\/www.youtube.com\/embed\/lIY7J7Hg-lo?feature=oembed\" frameborder=\"0\" allow=\"accelerometer; autoplay; encrypted-media; gyroscope; picture-in-picture\" allowfullscreen=\"\">[embedded content]<\/iframe><\/p>\n<div class=\"single-post-excerpt post-excerpt-bc\" readability=\"37\">\n<p>Le ministre de la Sant\u00e9, Anass Doukkali s\u2019est rendu respectivement aux communes de Tamanar et de Smimou, relevant de la province d\u2019Essaouira, l\u2019occasion de prendre connaissance des diff\u00e9rentes prestations m\u00e9dicales dispens\u00e9es par les centres de sant\u00e9 de ces deux communes.<\/p>\n<\/div>\n<p>Auteur: Meriem IGASS<br \/>\n<a href=\"http:\/\/www.mapmarrakech.ma\/fr\/m-doukkali-sinforme-des-prestations-medicales-dispensees-par-les-centres-de-sante\/\">Cliquez ici pour lire l&rsquo;article depuis sa source.<\/a><\/p>\n","protected":false},"excerpt":{"rendered":"<p>[embedded content] Le ministre de la Sant\u00e9, Anass Doukkali s\u2019est rendu respectivement aux communes de Tamanar et de Smimou, relevant de la province d\u2019Essaouira, l\u2019occasion de prendre connaissance des diff\u00e9rentes prestations m\u00e9dicales dispens\u00e9es par les centres de sant\u00e9 de ces deux communes. Auteur: Meriem IGASS Cliquez ici pour lire l&rsquo;article depuis sa source.<\/p>\n","protected":false},"author":1788,"featured_media":0,"comment_status":"closed","ping_status":"closed","sticky":false,"template":"","format":"standard","meta":{"fifu_image_url":"","fifu_image_alt":"","footnotes":""},"categories":[54,76],"tags":[],"class_list":["post-49003","post","type-post","status-publish","format-standard","hentry","category-maroc","category-regions"],"_links":{"self":[{"href":"https:\/\/linitiative.ca\/International\/wp-json\/wp\/v2\/posts\/49003","targetHints":{"allow":["GET"]}}],"collection":[{"href":"https:\/\/linitiative.ca\/International\/wp-json\/wp\/v2\/posts"}],"about":[{"href":"https:\/\/linitiative.ca\/International\/wp-json\/wp\/v2\/types\/post"}],"author":[{"embeddable":true,"href":"https:\/\/linitiative.ca\/International\/wp-json\/wp\/v2\/users\/1788"}],"replies":[{"embeddable":true,"href":"https:\/\/linitiative.ca\/International\/wp-json\/wp\/v2\/comments?post=49003"}],"version-history":[{"count":0,"href":"https:\/\/linitiative.ca\/International\/wp-json\/wp\/v2\/posts\/49003\/revisions"}],"wp:attachment":[{"href":"https:\/\/linitiative.ca\/International\/wp-json\/wp\/v2\/media?parent=49003"}],"wp:term":[{"taxonomy":"category","embeddable":true,"href":"https:\/\/linitiative.ca\/International\/wp-json\/wp\/v2\/categories?post=49003"},{"taxonomy":"post_tag","embeddable":true,"href":"https:\/\/linitiative.ca\/International\/wp-json\/wp\/v2\/tags?post=49003"}],"curies":[{"name":"wp","href":"https:\/\/api.w.org\/{rel}","templated":true}]}}