{"id":49004,"date":"2019-07-28T08:57:32","date_gmt":"2019-07-28T12:57:32","guid":{"rendered":"https:\/\/linitiative.ca\/International\/ouargla-plus-de-178-km-de-nouvelles-lignes-electriques-pour-renforcer-le-reseau\/"},"modified":"2019-07-28T08:57:32","modified_gmt":"2019-07-28T12:57:32","slug":"ouargla-plus-de-178-km-de-nouvelles-lignes-electriques-pour-renforcer-le-reseau","status":"publish","type":"post","link":"https:\/\/linitiative.ca\/International\/ouargla-plus-de-178-km-de-nouvelles-lignes-electriques-pour-renforcer-le-reseau\/","title":{"rendered":"Ouargla: plus de 178 km de nouvelles lignes \u00e9lectriques pour renforcer le r\u00e9seau"},"content":{"rendered":"<div>\n<div class=\"K2FeedImage\"><img decoding=\"async\" src=\"http:\/\/www.aps.dz\/media\/k2\/items\/cache\/0784c472213a522524ddaabf35748ae4_S.jpg\" alt=\"Ouargla: plus de 178 km de nouvelles lignes \u00e9lectriques pour renforcer le r\u00e9seau\"><\/div>\n<div class=\"K2FeedIntroText\">\n<p><strong>OUARGLA- Un lin\u00e9aire de plus de 178 km de nouvelles lignes \u00e9lectriques a \u00e9t\u00e9 r\u00e9alis\u00e9, au titre du programme quinquennal de d\u00e9veloppement 2010\/2014, pour le renforcement du r\u00e9seau \u00e9lectrique de la wilaya d\u2019Ouargla, a-t-on appris dimanche de la Direction locale de l\u2019\u00e9nergie (DE).<\/strong><\/p>\n<\/div>\n<div class=\"K2FeedFullText\">\n<p>Ce programme de d\u00e9veloppement, dont l\u2019ex\u00e9cution se poursuit toujours, a donn\u00e9 lieu \u00e0 la r\u00e9alisation de 3.820 branchements \u00e0 travers le territoire de la wilaya, et a permis l\u2019installation de 120 nouveaux transformateurs \u00e9lectriques \u00e0 travers diff\u00e9rents points de la wilaya.<\/p>\n<p>La wilaya de Ouargla a r\u00e9alis\u00e9 ces derni\u00e8res ann\u00e9es, un bond en termes de raccordement au r\u00e9seau \u00e9lectrique, atteignant ainsi un taux de couverture \u00a0de 98%, selon la m\u00eame source.<\/p>\n<hr>\n<p><a href=\"http:\/\/www.aps.dz\/economie\/92420-electricite-gaz-evolution-des-parametres-reseaux-depuis-la-creation-de-sonelgaz\">Lire aussi :\u00a0Electricit\u00e9\/gaz: \u00e9volution des param\u00e8tres r\u00e9seaux depuis la cr\u00e9ation de Sonelgaz<\/a><\/p>\n<hr>\n<p>Elle compte actuellement 150.250 abonn\u00e9s au r\u00e9seau \u00e9lectrique et dispose de 120 lignes de d\u00e9parts \u00e9lectriques de moyenne tension ainsi que 4.955 transformateurs \u00e9lectriques de moyenne et basse tension.<\/p>\n<p>La wilaya compte \u00e9galement huit (8) centrales \u00e9lectriques, d\u2019une capacit\u00e9 de production globale de 2.055,18 m\u00e9gawatts, r\u00e9alis\u00e9es \u00e0 travers les zones de Hassi-Messaoud, El-Borma, Hassi-Berkine, Ouargla et El-Hedjira, a-t-on fait savoir.<\/p>\n<p>Cette derni\u00e8re, op\u00e9rationnelle depuis deux ans, assure une production \u00e9lectrique de 30 m\u00e9gawatts \u00e0 partir de l\u2019\u00e9nergie solaire.<\/p>\n<\/div>\n<\/div>\n<p>Auteur:<br \/>\n<a href=\"http:\/\/www.aps.dz\/regions\/92558-ouargla-plus-de-178-km-de-nouvelles-lignes-electriques-pour-le-renforcement-du-reseau\">Cliquez ici pour lire l&rsquo;article depuis sa source.<\/a><\/p>\n","protected":false},"excerpt":{"rendered":"<p>OUARGLA- Un lin\u00e9aire de plus de 178 km de nouvelles lignes \u00e9lectriques a \u00e9t\u00e9 r\u00e9alis\u00e9, au titre du programme quinquennal de d\u00e9veloppement 2010\/2014, pour le renforcement du r\u00e9seau \u00e9lectrique de la wilaya d\u2019Ouargla, a-t-on appris dimanche de la Direction locale de l\u2019\u00e9nergie (DE). Ce programme de d\u00e9veloppement, dont l\u2019ex\u00e9cution se poursuit toujours, a donn\u00e9 lieu [&hellip;]<\/p>\n","protected":false},"author":1790,"featured_media":49005,"comment_status":"closed","ping_status":"closed","sticky":false,"template":"","format":"standard","meta":{"fifu_image_url":"","fifu_image_alt":"","footnotes":""},"categories":[53,76],"tags":[],"class_list":["post-49004","post","type-post","status-publish","format-standard","has-post-thumbnail","hentry","category-algerie","category-regions"],"_links":{"self":[{"href":"https:\/\/linitiative.ca\/International\/wp-json\/wp\/v2\/posts\/49004","targetHints":{"allow":["GET"]}}],"collection":[{"href":"https:\/\/linitiative.ca\/International\/wp-json\/wp\/v2\/posts"}],"about":[{"href":"https:\/\/linitiative.ca\/International\/wp-json\/wp\/v2\/types\/post"}],"author":[{"embeddable":true,"href":"https:\/\/linitiative.ca\/International\/wp-json\/wp\/v2\/users\/1790"}],"replies":[{"embeddable":true,"href":"https:\/\/linitiative.ca\/International\/wp-json\/wp\/v2\/comments?post=49004"}],"version-history":[{"count":0,"href":"https:\/\/linitiative.ca\/International\/wp-json\/wp\/v2\/posts\/49004\/revisions"}],"wp:featuredmedia":[{"embeddable":true,"href":"https:\/\/linitiative.ca\/International\/wp-json\/"}],"wp:attachment":[{"href":"https:\/\/linitiative.ca\/International\/wp-json\/wp\/v2\/media?parent=49004"}],"wp:term":[{"taxonomy":"category","embeddable":true,"href":"https:\/\/linitiative.ca\/International\/wp-json\/wp\/v2\/categories?post=49004"},{"taxonomy":"post_tag","embeddable":true,"href":"https:\/\/linitiative.ca\/International\/wp-json\/wp\/v2\/tags?post=49004"}],"curies":[{"name":"wp","href":"https:\/\/api.w.org\/{rel}","templated":true}]}}