{"id":49006,"date":"2019-07-28T09:04:04","date_gmt":"2019-07-28T13:04:04","guid":{"rendered":"https:\/\/linitiative.ca\/International\/oran-16-million-destivants-sur-les-plages-le-week-end-dernier\/"},"modified":"2019-07-28T09:04:04","modified_gmt":"2019-07-28T13:04:04","slug":"oran-16-million-destivants-sur-les-plages-le-week-end-dernier","status":"publish","type":"post","link":"https:\/\/linitiative.ca\/International\/oran-16-million-destivants-sur-les-plages-le-week-end-dernier\/","title":{"rendered":"Oran: 1,6 million d\u2019estivants sur les plages le week-end dernier"},"content":{"rendered":"<div>\n<div class=\"K2FeedImage\"><img decoding=\"async\" src=\"http:\/\/www.aps.dz\/media\/k2\/items\/cache\/44ecde5a7dd9a39adc5ccea8b12878f7_S.jpg\" alt=\"Oran: 1,6 million d\u2019estivants sur les plages le week-end dernier\"><\/div>\n<div class=\"K2FeedIntroText\">\n<p><strong>ORAN &#8211; Quelque 1,6 million d\u2019estivants ont afflu\u00e9 le week-end dernier sur les plages d\u2019Oran, a-t-on appris dimanche de la direction de la protection civile.<\/strong><\/p>\n<\/div>\n<div class=\"K2FeedFullText\">\n<p>Ces estivants ont fr\u00e9quent\u00e9 les 34 plages autoris\u00e9es \u00e0 la baignade en raison de la canicule ayant s\u00e9vi les vendredi et samedi dernier, a indiqu\u00e9 le charg\u00e9 de la communication de ce corps constitu\u00e9, le capitaine Bellala Abdelkader, ajoutant que le nombre des baigneurs enregistr\u00e9 du 1er juin dernier \u00e0 ce jour a d\u00e9pass\u00e9 les 6 millions.<\/p>\n<p>Toutefois, les sorties \u00e0 la plage peuvent tourner au drame. Ainsi, le m\u00eame responsable a indiqu\u00e9 qu\u2019un corps sans vie d\u2019un enfant de 13 ans a \u00e9t\u00e9 rep\u00each\u00e9, samedi soir, dans une zone rocheuse non surveill\u00e9e \u00e0 proximit\u00e9 de la plage Saint Rock (Ain El Turck). La d\u00e9pouille a \u00e9t\u00e9 d\u00e9pos\u00e9e \u00e0 la morgue de l\u2019h\u00f4pital \u00ab\u00a0Medjebbar Tami\u00a0\u00bb d\u2019Ain El Turck.<\/p>\n<hr>\n<p><a href=\"http:\/\/www.aps.dz\/societe\/92510-plus-de-33-mns-de-personnes-ont-frequente-les-plages-depuis-le-debut-de-la-saison-estivale\">Lire aussi :\u00a0Plus de 33 mns de personnes ont fr\u00e9quent\u00e9 les plages depuis le d\u00e9but de la saison estivale<\/a><\/p>\n<hr>\n<p>Les m\u00eames services sont intervenus dans la m\u00eame r\u00e9gion pour sauver deux personnes d\u2019une noyade certaine. Les victimes, apr\u00e8s avoir re\u00e7u les premiers soins sur place, ont \u00e9t\u00e9 \u00e9vacu\u00e9es vers les UMC de l\u2019h\u00f4pital d\u2019Ain El Turck.<\/p>\n<p>Par ailleurs, 150 baigneurs ont \u00e9t\u00e9 sauv\u00e9s d\u2019une mort certaine durant ce week-end. Six cas de noyade ont \u00e9t\u00e9 enregistr\u00e9s depuis le d\u00e9but de la saison estivale dans des zones interdites \u00e0 la baignade.<\/p>\n<p>La wilaya d\u2019Oran a enregistr\u00e9, la saison estivale \u00e9coul\u00e9e, l\u2019affluence de plus de 18 millions d\u2019estivants sur ses 33 plages ainsi que 7 d\u00e9c\u00e8s par noyade dont quatre au niveau des zones rocheuses interdites \u00e0 la baignade.<\/p>\n<\/div>\n<\/div>\n<p>Auteur:<br \/>\n<a href=\"http:\/\/www.aps.dz\/regions\/92562-oran-1-6-million-d-estivants-sur-les-plages-le-week-end-dernier\">Cliquez ici pour lire l&rsquo;article depuis sa source.<\/a><\/p>\n","protected":false},"excerpt":{"rendered":"<p>ORAN &#8211; Quelque 1,6 million d\u2019estivants ont afflu\u00e9 le week-end dernier sur les plages d\u2019Oran, a-t-on appris dimanche de la direction de la protection civile. Ces estivants ont fr\u00e9quent\u00e9 les 34 plages autoris\u00e9es \u00e0 la baignade en raison de la canicule ayant s\u00e9vi les vendredi et samedi dernier, a indiqu\u00e9 le charg\u00e9 de la communication [&hellip;]<\/p>\n","protected":false},"author":1790,"featured_media":49007,"comment_status":"closed","ping_status":"closed","sticky":false,"template":"","format":"standard","meta":{"fifu_image_url":"","fifu_image_alt":"","footnotes":""},"categories":[53,76],"tags":[],"class_list":["post-49006","post","type-post","status-publish","format-standard","has-post-thumbnail","hentry","category-algerie","category-regions"],"_links":{"self":[{"href":"https:\/\/linitiative.ca\/International\/wp-json\/wp\/v2\/posts\/49006","targetHints":{"allow":["GET"]}}],"collection":[{"href":"https:\/\/linitiative.ca\/International\/wp-json\/wp\/v2\/posts"}],"about":[{"href":"https:\/\/linitiative.ca\/International\/wp-json\/wp\/v2\/types\/post"}],"author":[{"embeddable":true,"href":"https:\/\/linitiative.ca\/International\/wp-json\/wp\/v2\/users\/1790"}],"replies":[{"embeddable":true,"href":"https:\/\/linitiative.ca\/International\/wp-json\/wp\/v2\/comments?post=49006"}],"version-history":[{"count":0,"href":"https:\/\/linitiative.ca\/International\/wp-json\/wp\/v2\/posts\/49006\/revisions"}],"wp:featuredmedia":[{"embeddable":true,"href":"https:\/\/linitiative.ca\/International\/wp-json\/"}],"wp:attachment":[{"href":"https:\/\/linitiative.ca\/International\/wp-json\/wp\/v2\/media?parent=49006"}],"wp:term":[{"taxonomy":"category","embeddable":true,"href":"https:\/\/linitiative.ca\/International\/wp-json\/wp\/v2\/categories?post=49006"},{"taxonomy":"post_tag","embeddable":true,"href":"https:\/\/linitiative.ca\/International\/wp-json\/wp\/v2\/tags?post=49006"}],"curies":[{"name":"wp","href":"https:\/\/api.w.org\/{rel}","templated":true}]}}