{"id":49008,"date":"2019-07-28T10:55:06","date_gmt":"2019-07-28T14:55:06","guid":{"rendered":"https:\/\/linitiative.ca\/International\/constantine-reception-a-la-mi-aout-des-projets-de-rehabilitation-de-79-ecoles-primaires\/"},"modified":"2019-07-28T10:55:06","modified_gmt":"2019-07-28T14:55:06","slug":"constantine-reception-a-la-mi-aout-des-projets-de-rehabilitation-de-79-ecoles-primaires","status":"publish","type":"post","link":"https:\/\/linitiative.ca\/International\/constantine-reception-a-la-mi-aout-des-projets-de-rehabilitation-de-79-ecoles-primaires\/","title":{"rendered":"Constantine : r\u00e9ception \u00e0 \u00ab\u00a0la mi-ao\u00fbt\u00a0\u00bb des projets de r\u00e9habilitation de 79\u00a0\u00e9coles primaires\u00a0"},"content":{"rendered":"<div>\n<div class=\"K2FeedIntroText\">\n<p><strong>CONSTANTINE &#8211; Les projets de r\u00e9habilitation de 79 \u00e9coles primaires r\u00e9partis sur diverses communes de la wilaya de Constantine, seront r\u00e9ceptionn\u00e9s, vers la mi-ao\u00fbt prochain, a-t-on appris dimanche aupr\u00e8s du directeur de l\u2019administration locale (DAL), Abdelhakim Bouferoua.<\/strong><\/p>\n<\/div>\n<div class=\"K2FeedFullText\">\n<p>L\u2019ensemble de ces structures scolaires dont les travaux de r\u00e9novation avancent \u00e0 un rythme jug\u00e9 \u00ab\u00a0satisfaisant\u00a0\u00bb sera op\u00e9rationnel, au titre de la rentr\u00e9e prochaine 2019-2020, a pr\u00e9cis\u00e9 \u00e0 l\u2019APS le m\u00eame responsable.<\/p>\n<p>La concr\u00e9tisation de ces op\u00e9rations inscrites au titre de l\u2019exercice 2019, a n\u00e9cessit\u00e9 la mise en place d\u2019une enveloppe financi\u00e8re estim\u00e9e \u00e0 400 millions DA, selon le m\u00eame responsable.<\/p>\n<p>Les actions engag\u00e9es, a-t-il d\u00e9taill\u00e9, ont cibl\u00e9 les salles de classe en \u00e9tat de d\u00e9gradation \u00e0 travers la r\u00e9fection de l\u2019\u00e9tanch\u00e9it\u00e9, la r\u00e9paration des fen\u00eatres et des porte, la peinture ainsi que certains \u00e9quipements et des sanitaires, l&rsquo;acquisition du mobiliser scolaire, tables et chaises notamment.<\/p>\n<p>L\u2019objectif de la r\u00e9alisation de cette op\u00e9ration est d&rsquo;am\u00e9liorer les conditions de travail et de scolarisation du personnel \u00e9ducatif et des \u00e9l\u00e8ves, a indiqu\u00e9 dans ce m\u00eame contexte le DAL, soulignant que des instructions ont \u00e9t\u00e9 donn\u00e9es aux chefs de da\u00efras pour le suivi de ces projets afin d&rsquo;acc\u00e9l\u00e9rer les travaux et garantir la r\u00e9ception de ces chantiers dans les d\u00e9lais pr\u00e9cis.<\/p>\n<p>Certaines cantines scolaires relevant de ces \u00e9tablissements ont fait l\u2019objet \u00e9galement d\u2019une action de r\u00e9novation inscrite dans le cadre des directives visant le respect des conditions de restauration et d&rsquo;hygi\u00e8ne, ajoute la m\u00eame source.<\/p>\n<p>La wilaya de Constantine dispose actuellement d\u2019environs 600 \u00e9tablissements scolaires, tous cycles d\u2019enseignement confondus dont 395 \u00e9coles primaires, a-t-on conclu.<\/p>\n<\/div>\n<\/div>\n<p>Auteur:<br \/>\n<a href=\"http:\/\/www.aps.dz\/regions\/92568-constantine-reception-a-la-mi-aout-des-projets-de-rehabilitation-de-79-ecoles-primaires\">Cliquez ici pour lire l&rsquo;article depuis sa source.<\/a><\/p>\n","protected":false},"excerpt":{"rendered":"<p>CONSTANTINE &#8211; Les projets de r\u00e9habilitation de 79 \u00e9coles primaires r\u00e9partis sur diverses communes de la wilaya de Constantine, seront r\u00e9ceptionn\u00e9s, vers la mi-ao\u00fbt prochain, a-t-on appris dimanche aupr\u00e8s du directeur de l\u2019administration locale (DAL), Abdelhakim Bouferoua. L\u2019ensemble de ces structures scolaires dont les travaux de r\u00e9novation avancent \u00e0 un rythme jug\u00e9 \u00ab\u00a0satisfaisant\u00a0\u00bb sera op\u00e9rationnel, [&hellip;]<\/p>\n","protected":false},"author":1790,"featured_media":0,"comment_status":"closed","ping_status":"closed","sticky":false,"template":"","format":"standard","meta":{"fifu_image_url":"","fifu_image_alt":"","footnotes":""},"categories":[53,76],"tags":[],"class_list":["post-49008","post","type-post","status-publish","format-standard","hentry","category-algerie","category-regions"],"_links":{"self":[{"href":"https:\/\/linitiative.ca\/International\/wp-json\/wp\/v2\/posts\/49008","targetHints":{"allow":["GET"]}}],"collection":[{"href":"https:\/\/linitiative.ca\/International\/wp-json\/wp\/v2\/posts"}],"about":[{"href":"https:\/\/linitiative.ca\/International\/wp-json\/wp\/v2\/types\/post"}],"author":[{"embeddable":true,"href":"https:\/\/linitiative.ca\/International\/wp-json\/wp\/v2\/users\/1790"}],"replies":[{"embeddable":true,"href":"https:\/\/linitiative.ca\/International\/wp-json\/wp\/v2\/comments?post=49008"}],"version-history":[{"count":0,"href":"https:\/\/linitiative.ca\/International\/wp-json\/wp\/v2\/posts\/49008\/revisions"}],"wp:attachment":[{"href":"https:\/\/linitiative.ca\/International\/wp-json\/wp\/v2\/media?parent=49008"}],"wp:term":[{"taxonomy":"category","embeddable":true,"href":"https:\/\/linitiative.ca\/International\/wp-json\/wp\/v2\/categories?post=49008"},{"taxonomy":"post_tag","embeddable":true,"href":"https:\/\/linitiative.ca\/International\/wp-json\/wp\/v2\/tags?post=49008"}],"curies":[{"name":"wp","href":"https:\/\/api.w.org\/{rel}","templated":true}]}}