{"id":49011,"date":"2019-07-28T11:32:44","date_gmt":"2019-07-28T15:32:44","guid":{"rendered":"https:\/\/linitiative.ca\/International\/oran-900-candidats-au-concours-dentree-a-lecole-des-cadets-de-la-nation\/"},"modified":"2019-07-28T11:32:44","modified_gmt":"2019-07-28T15:32:44","slug":"oran-900-candidats-au-concours-dentree-a-lecole-des-cadets-de-la-nation","status":"publish","type":"post","link":"https:\/\/linitiative.ca\/International\/oran-900-candidats-au-concours-dentree-a-lecole-des-cadets-de-la-nation\/","title":{"rendered":"Oran: 900 candidats au concours d&rsquo;entr\u00e9e \u00e0 l\u2019\u00e9cole des cadets de la nation\u00a0"},"content":{"rendered":"<div>\n<div class=\"K2FeedImage\"><img decoding=\"async\" src=\"http:\/\/www.aps.dz\/media\/k2\/items\/cache\/76f502938a7a088003993d34cd6e9369_S.jpg\" alt=\"Oran: 900 candidats au concours d'entr\u00e9e \u00e0 l\u2019\u00e9cole des cadets de la nation\u00a0\"><\/div>\n<div class=\"K2FeedIntroText\">\n<p><strong>ORAN &#8211; L\u2019\u00e9cole des cadets de la nation \u00ab\u00a0Chahid Hamdani Adda\u00a0\u00bb dit Si Othmane d\u2019Oran (2\u00e8me r\u00e9gion militaire) accueille 900 candidats, des \u00e9l\u00e8ves des cycles moyen et secondaire, pour subir un concours de s\u00e9lection et d\u2019admission \u00e0 cet \u00e9tablissement lanc\u00e9 samedi, a-t-on appris, dimanche de cette instance.<\/strong><\/p>\n<\/div>\n<div class=\"K2FeedFullText\">\n<p>Cette op\u00e9ration ouvrira des perspectives d\u2019acc\u00e8s \u00e0 l\u2019\u00e9cole sp\u00e9cialis\u00e9e pour l\u2019ann\u00e9e 2019-2020. Elle est supervis\u00e9e par une commission sp\u00e9cialis\u00e9e, des enseignants, une \u00e9quipe m\u00e9dicale sp\u00e9cialis\u00e9e et autre du service des sports, note on des organisateurs.<\/p>\n<p>L\u2019op\u00e9ration de s\u00e9lection se d\u00e9roule en deux sessions. La premi\u00e8re pour le cycle moyen du 27 au 29 juillet en cours pour l\u2019accueil de 514 candidats.<\/p>\n<p>La seconde consacr\u00e9e pour le cycle secondaire des cadettes pr\u00e9vue du 30 juillet au 1er ao\u00fbt avec 386 candidates.<\/p>\n<p>Le concours se d\u00e9roule dans de bonnes conditions d\u2019organisation avec une consultation m\u00e9dicale, un test d\u2019aptitude physique et un test \u00e9crit dans les mati\u00e8res essentielles la langue arabe, le fran\u00e7ais et les math\u00e9matiques, a-t-on ajout\u00e9.<\/p>\n<p>\u00a0<\/p>\n<\/div>\n<\/div>\n<p>Auteur:<br \/>\n<a href=\"http:\/\/www.aps.dz\/regions\/92575-oran-900-candidats-au-concours-d-entree-a-l-ecole-des-cadets-de-la-nation-chahid-hamdani-adda\">Cliquez ici pour lire l&rsquo;article depuis sa source.<\/a><\/p>\n","protected":false},"excerpt":{"rendered":"<p>ORAN &#8211; L\u2019\u00e9cole des cadets de la nation \u00ab\u00a0Chahid Hamdani Adda\u00a0\u00bb dit Si Othmane d\u2019Oran (2\u00e8me r\u00e9gion militaire) accueille 900 candidats, des \u00e9l\u00e8ves des cycles moyen et secondaire, pour subir un concours de s\u00e9lection et d\u2019admission \u00e0 cet \u00e9tablissement lanc\u00e9 samedi, a-t-on appris, dimanche de cette instance. Cette op\u00e9ration ouvrira des perspectives d\u2019acc\u00e8s \u00e0 l\u2019\u00e9cole [&hellip;]<\/p>\n","protected":false},"author":1790,"featured_media":49012,"comment_status":"closed","ping_status":"closed","sticky":false,"template":"","format":"standard","meta":{"fifu_image_url":"","fifu_image_alt":"","footnotes":""},"categories":[53,76],"tags":[],"class_list":["post-49011","post","type-post","status-publish","format-standard","has-post-thumbnail","hentry","category-algerie","category-regions"],"_links":{"self":[{"href":"https:\/\/linitiative.ca\/International\/wp-json\/wp\/v2\/posts\/49011","targetHints":{"allow":["GET"]}}],"collection":[{"href":"https:\/\/linitiative.ca\/International\/wp-json\/wp\/v2\/posts"}],"about":[{"href":"https:\/\/linitiative.ca\/International\/wp-json\/wp\/v2\/types\/post"}],"author":[{"embeddable":true,"href":"https:\/\/linitiative.ca\/International\/wp-json\/wp\/v2\/users\/1790"}],"replies":[{"embeddable":true,"href":"https:\/\/linitiative.ca\/International\/wp-json\/wp\/v2\/comments?post=49011"}],"version-history":[{"count":0,"href":"https:\/\/linitiative.ca\/International\/wp-json\/wp\/v2\/posts\/49011\/revisions"}],"wp:featuredmedia":[{"embeddable":true,"href":"https:\/\/linitiative.ca\/International\/wp-json\/"}],"wp:attachment":[{"href":"https:\/\/linitiative.ca\/International\/wp-json\/wp\/v2\/media?parent=49011"}],"wp:term":[{"taxonomy":"category","embeddable":true,"href":"https:\/\/linitiative.ca\/International\/wp-json\/wp\/v2\/categories?post=49011"},{"taxonomy":"post_tag","embeddable":true,"href":"https:\/\/linitiative.ca\/International\/wp-json\/wp\/v2\/tags?post=49011"}],"curies":[{"name":"wp","href":"https:\/\/api.w.org\/{rel}","templated":true}]}}