{"id":49015,"date":"2019-07-28T12:12:20","date_gmt":"2019-07-28T16:12:20","guid":{"rendered":"https:\/\/linitiative.ca\/International\/tizi-ouzou-les-incendies-sur-la-bande-littorale-sont-dorigine-volontaire\/"},"modified":"2019-07-28T12:12:20","modified_gmt":"2019-07-28T16:12:20","slug":"tizi-ouzou-les-incendies-sur-la-bande-littorale-sont-dorigine-volontaire","status":"publish","type":"post","link":"https:\/\/linitiative.ca\/International\/tizi-ouzou-les-incendies-sur-la-bande-littorale-sont-dorigine-volontaire\/","title":{"rendered":"Tizi-Ouzou: les incendies sur la bande littorale sont d'\u00a0\u00bborigine volontaire\u00a0\u00bb"},"content":{"rendered":"<div>\n<div class=\"K2FeedImage\"><img decoding=\"async\" src=\"http:\/\/www.aps.dz\/media\/k2\/items\/cache\/844393f10a0fc81bac09970823474f70_S.jpg\" alt=\"Les foyers d'incendie en Alg\u00e9rie, selon la carte fournie par la NASA (FIRMS)\"><\/div>\n<div class=\"K2FeedIntroText\">\n<p><strong>TIZI-OUZOU- Les incendies enregistr\u00e9s depuis le d\u00e9but de la <a href=\"https:\/\/firms.modaps.eosdis.nasa.gov\/map\/#z:3;c:0.0,0.0;d:2019-07-27..2019-07-28\">campagne de lutte contre les feux de for\u00eats<\/a> sur la bande littorale de la wilaya de Tizi-Ouzou sont d'\u00a0\u00bborigines volontaires\u00a0\u00bb, a indiqu\u00e9 dimanche le conservateur local des for\u00eats.<\/strong><\/p>\n<\/div>\n<div class=\"K2FeedFullText\">\n<p>\u00ab\u00a0Dans la majorit\u00e9 des cas, il s&rsquo;agit d\u2019incendies volontaires signal\u00e9s sur la bande littorale, notamment \u00e0 Mizrana\u00a0\u00bb, a d\u00e9clar\u00e9 lors d&rsquo;une conf\u00e9rence de pesse, le conservateur, Ould Mohamed Youcef.<\/p>\n<p>Interrog\u00e9s sur les incendies qui se sont d\u00e9clar\u00e9s \u00e0 travers plusieurs localit\u00e9s de la wilaya, il a soulign\u00e9 que \u00ab\u00a0la mafia du foncier serait derri\u00e8re ce nombre important de d\u00e9parts de feux\u00a0\u00bb.<\/p>\n<p>Le Conservateur a dans ce sens pr\u00e9cis\u00e9 que \u00ab\u00a016% des incendies de cette saison ont \u00e9t\u00e9 enregistr\u00e9s \u00e0 Tigzirt, une r\u00e9gion o\u00f9 le prix du m\u00e8tre carr\u00e9 de terrain est tr\u00e8s \u00e9lev\u00e9. Ces incendies ont \u00e9t\u00e9 provoqu\u00e9s pour d\u00e9gager des assiettes fonci\u00e8res\u00a0\u00bb.<\/p>\n<hr>\n<h3 class=\"catItemTitle\"><span style=\"color: #000000;\">Lire aussi<\/span>:\u00a0<a href=\"http:\/\/www.aps.dz\/regions\/92578-tipasa-pres-de-17ha-de-forets-ravagees-par-les-feux-et-coupure-de-courant-a-l-ouest-de-la-wilaya\">Tipasa: pr\u00e9s de 17ha de for\u00eats ravag\u00e9es par les feux et coupure de courant \u00e0 l\u2019ouest de la wilaya \u00a0<\/a><\/h3>\n<hr>\n<p>Le m\u00eame responsable a ajout\u00e9 que sa direction a plac\u00e9 sous surveillance cette r\u00e9gion o\u00f9 on d\u00e9plore un nombre important de constructions illicites.<\/p>\n<p>\u00ab\u00a0Ces parties brul\u00e9es sur la bande littorale, on va les surveiller et \u00e0 la moindre infraction nous allons poursuivre l\u2019auteur, en justice\u00a0\u00bb, a-t-il averti, en d\u00e9non\u00e7ant \u00ab\u00a0des intentions malveillantes d\u2019accaparement de foncier du domaine forestiers, qui seraient derri\u00e8re ce nombre importants d\u2019incendies\u00a0\u00bb.<\/p>\n<p>L\u2019autre cause \u00e9voqu\u00e9e par le conservateur des for\u00eats, est la pratique de r\u00e9g\u00e9n\u00e9ration des p\u00e2turages par le feu. \u00ab\u00a0Des \u00e9leveurs brulent le tapis v\u00e9g\u00e9tal pour \u00e9viter que les plantes ne deviennent ligneuses et dures donc non comestibles pour le b\u00e9tail, sachant que dans la bande littorale de la wilaya l\u2019activit\u00e9 d\u2019\u00e9levage bovine et ovines est d\u00e9velopp\u00e9e\u00a0\u00bb, a-t-il expliqu\u00e9.<\/p>\n<hr>\n<h4 class=\"allmode-title\">Lire aussi:\u00a0<a href=\"http:\/\/www.aps.dz\/societe\/92555-incendie-a-la-foret-de-bainem-les-pompiers-a-pied-d-oeuvre\">Incendie \u00e0 la for\u00eat de Bainem: les pompiers \u00e0 pied d&rsquo;\u0153uvre<\/a><\/h4>\n<hr>\n<p>Concernant l\u2019incendie qui s\u2019est d\u00e9clar\u00e9 mardi dernier \u00e0 Tala Guilef en plein parc national du Djurdjura, le conf\u00e9rencier a indiqu\u00e9 qu\u2019il s\u2019agit d\u2019un \u00ab\u00a0incendie volontaire, vu que le feu est parti d\u2019un oued, ce qui est anormal puisqu\u2019un oued est l\u2019endroit le plus humide dans une for\u00eat et les plantes qui s\u2019y trouvent sont vertes\u00a0\u00bb, a-t-il expliqu\u00e9.<\/p>\n<p>Il a rappel\u00e9 la mobilisation de deux h\u00e9licopt\u00e8res bombardiers d\u2019eau de la protection civile pour intervenir sur cet incendie qui remontait de l\u2019oued vers le flanc de montagne.<\/p>\n<p>\u00ab\u00a0Nous avons sollicit\u00e9 de notre direction (DGF), g\u00e9n\u00e9rale et de celle de la protection civile, l\u2019envoie de renforts a\u00e9riens pour circonscrire rapidement les feux. La priorit\u00e9 a \u00e9t\u00e9 accord\u00e9e \u00e0 Tizi Ouzou pour l\u2019envoi de moyens de lutte a\u00e9riens vu que le feu s\u2019est d\u00e9clar\u00e9 dans un parc national \u00e0 grande valeur de biodiversit\u00e9, culturelle et paysag\u00e8re\u00a0\u00bb, a-t-il ajout\u00e9.<\/p>\n<p>Il a ajout\u00e9 que depuis 2017 plus d\u2019une centaine de plaintes ont \u00e9t\u00e9 d\u00e9pos\u00e9es aupr\u00e8s des instances judicaires pour divers infractions au domaine forestiers dont les incendies volontaires parmi lesquels celui de Tala Guilef, mais dont la majorit\u00e9 est en instance parce que c\u2019est des plaintes \u00ab\u00a0conter X\u00a0\u00bb, a-t-il fait savoir.<\/p>\n<p>Le conservateur estime que les amendes pr\u00e9vues dans la loi du 23 juin 1984 \u00ab\u00a0ne sont plus dissuasives\u00a0\u00bb, r\u00e9v\u00e9lant qu&rsquo;un projet d\u2019une nouvelle loi est en cours d\u2019\u00e9laboration par la DGF sous l\u2019\u00e9gide du minist\u00e8re de tutelle.<\/p>\n<p>\u00a0\u00a0<\/p>\n<p><strong>\u00a0\u00a0\u00a0\u00a0\u00a0\u00a0\u00a0\u00a0\u00a0\u00a0\u00a0\u00a0\u00a0\u00a0\u00a0\u00a0\u00a0\u00a0\u00a0\u00a0\u00a0\u00a0\u00a0\u00a0\u00a0\u00a0\u00a0\u00a0\u00a0\u00a0\u00a0\u00a0\u00a0\u00a0\u00a0\u00a0\u00a0\u00a0\u00a0\u00a0\u00a0\u00a0\u00a0\u00a0\u00a0\u00a0\u00a0\u00a0\u00a0\u00a0\u00a0\u00a0\u00a0 Plus de 100 millions de DA de pertes directes<\/strong><\/p>\n<p>\u00a0<\/p>\n<p>Selon une estimation des d\u00e9g\u00e2ts caus\u00e9s par les incendies qui se sont d\u00e9clar\u00e9s du 1er juin 2019 au 25 juillet courant, les 167 feux enregistr\u00e9s ont caus\u00e9 des pertes \u00e9conomiques directes en bois et li\u00e8ge sur pied (ch\u00eane-li\u00e8ge) estim\u00e9es \u00e0 110 millions de DA.<\/p>\n<p>Ces incendies ont d\u00e9truits 1450,5 ha de couvert v\u00e9g\u00e9tal dont 65 ha de for\u00eats, 275 ha de maquis, 908 ha de broussailles et 202,5 d\u2019arbres fruitiers, principalement des oliviers. 86% de ces feux ont \u00e9t\u00e9 enregistr\u00e9 sur de terrains priv\u00e9s.<\/p>\n<p>S\u2019agissant de rumeurs sur la perte de singes magots, rapport\u00e9 dans les r\u00e9seaux sociaux, M. Ould Mohamed a d\u00e9mentis officiellement cette information, en observant qu\u2019il n&rsquo;y a aucun singe brul\u00e9 dans les incendies depuis le 1er juin, et les photos de singes brul\u00e9s publi\u00e9es sur les r\u00e9seaux sociaux ne sont pas de photos de singes magot.<\/p>\n<p>\u00ab\u00a0Le singe magot qui vit en Alg\u00e9rie n\u2019a pas de queue\u00a0\u00bb, a-t-il pr\u00e9cis\u00e9. Nous n\u2019avons enregistr\u00e9 aucune perte de singe magot qui vit \u00e0 Yakouren et Tala Guilef\u00a0\u00bb.<\/p>\n<p>\u00ab\u00a0A Tala Guilef, comme l\u2019incendie est parti d\u2019un oued et remontait vers le flanc de montagne, la faune a fuit les flammes. Nous n\u2019avons pas trouv\u00e9 de restes d\u2019animaux brul\u00e9s\u00a0\u00bb, a-t-il assur\u00e9, regrettant les \u00ab\u00a0fausse informations\u00a0\u00bb colport\u00e9es sur les r\u00e9seaux sociaux.<\/p>\n<\/div>\n<\/div>\n<p>Auteur:<br \/>\n<a href=\"http:\/\/www.aps.dz\/regions\/92579-tizi-ouzou-les-incendies-sur-la-bande-littorale-sont-d-origine-volontaire\">Cliquez ici pour lire l&rsquo;article depuis sa source.<\/a><\/p>\n","protected":false},"excerpt":{"rendered":"<p>TIZI-OUZOU- Les incendies enregistr\u00e9s depuis le d\u00e9but de la campagne de lutte contre les feux de for\u00eats sur la bande littorale de la wilaya de Tizi-Ouzou sont d&rsquo;\u00a0\u00bborigines volontaires\u00a0\u00bb, a indiqu\u00e9 dimanche le conservateur local des for\u00eats. \u00ab\u00a0Dans la majorit\u00e9 des cas, il s&rsquo;agit d\u2019incendies volontaires signal\u00e9s sur la bande littorale, notamment \u00e0 Mizrana\u00a0\u00bb, a [&hellip;]<\/p>\n","protected":false},"author":1790,"featured_media":49016,"comment_status":"closed","ping_status":"closed","sticky":false,"template":"","format":"standard","meta":{"fifu_image_url":"","fifu_image_alt":"","footnotes":""},"categories":[53,76],"tags":[],"class_list":["post-49015","post","type-post","status-publish","format-standard","has-post-thumbnail","hentry","category-algerie","category-regions"],"_links":{"self":[{"href":"https:\/\/linitiative.ca\/International\/wp-json\/wp\/v2\/posts\/49015","targetHints":{"allow":["GET"]}}],"collection":[{"href":"https:\/\/linitiative.ca\/International\/wp-json\/wp\/v2\/posts"}],"about":[{"href":"https:\/\/linitiative.ca\/International\/wp-json\/wp\/v2\/types\/post"}],"author":[{"embeddable":true,"href":"https:\/\/linitiative.ca\/International\/wp-json\/wp\/v2\/users\/1790"}],"replies":[{"embeddable":true,"href":"https:\/\/linitiative.ca\/International\/wp-json\/wp\/v2\/comments?post=49015"}],"version-history":[{"count":0,"href":"https:\/\/linitiative.ca\/International\/wp-json\/wp\/v2\/posts\/49015\/revisions"}],"wp:featuredmedia":[{"embeddable":true,"href":"https:\/\/linitiative.ca\/International\/wp-json\/"}],"wp:attachment":[{"href":"https:\/\/linitiative.ca\/International\/wp-json\/wp\/v2\/media?parent=49015"}],"wp:term":[{"taxonomy":"category","embeddable":true,"href":"https:\/\/linitiative.ca\/International\/wp-json\/wp\/v2\/categories?post=49015"},{"taxonomy":"post_tag","embeddable":true,"href":"https:\/\/linitiative.ca\/International\/wp-json\/wp\/v2\/tags?post=49015"}],"curies":[{"name":"wp","href":"https:\/\/api.w.org\/{rel}","templated":true}]}}