{"id":49019,"date":"2019-07-28T10:52:44","date_gmt":"2019-07-28T14:52:44","guid":{"rendered":"https:\/\/linitiative.ca\/International\/le-salon-regional-des-produits-du-terroir-ouvre-ses-portes\/"},"modified":"2019-07-28T10:52:44","modified_gmt":"2019-07-28T14:52:44","slug":"le-salon-regional-des-produits-du-terroir-ouvre-ses-portes","status":"publish","type":"post","link":"https:\/\/linitiative.ca\/International\/le-salon-regional-des-produits-du-terroir-ouvre-ses-portes\/","title":{"rendered":"Le Salon r\u00e9gional des produits du terroir ouvre ses portes"},"content":{"rendered":"<p class=\"c1\">La 6\u00e8me \u00e9dition du Salon agricole r\u00e9gional des produits du terroir de l\u2019Oriental s\u2019est ouverte, samedi dans la soir\u00e9e \u00e0 Sa\u00efdia, l\u2019une des meilleures destinations de vacances d\u2019\u00e9t\u00e9 au Maroc, sous le signe \u00ab\u00a0Les produits du terroir, un levier de l\u2019emploi et du d\u00e9veloppement inclusif\u00a0\u00bb.<\/p>\n<p class=\"c1\">La c\u00e9r\u00e9monie d\u2019ouverture de cette \u00e9dition, qui se poursuivra jusqu\u2019au 4 ao\u00fbt prochain, s\u2019est d\u00e9roul\u00e9e en pr\u00e9sence notamment du secr\u00e9taire g\u00e9n\u00e9ral du minist\u00e8re de l\u2019Agriculture, de la p\u00eache maritime, du d\u00e9veloppement rural et des eaux et for\u00eats, Mohamed Sadiki, du gouverneur de la province de Berkane, Mohamed Ali Habouha, et de responsables et acteurs du secteur agricole au niveau r\u00e9gional.<\/p>\n<p class=\"c1\">Plac\u00e9e sous l\u2019\u00e9gide du minist\u00e8re de l\u2019Agriculture, de la P\u00eache Maritime, du D\u00e9veloppement rural et des Eaux et For\u00eats, cette manifestation est organis\u00e9e par la Chambre r\u00e9gionale d\u2019Agriculture en partenariat avec la Direction r\u00e9gionale de l\u2019Agriculture, la Direction r\u00e9gionale du conseil agricole et la Direction r\u00e9gionale de l\u2019Office national de s\u00e9curit\u00e9 sanitaire des produits alimentaires.<\/p>\n<p class=\"c1\">Pour ces initiateurs, cette grand-messe des cultivateurs et commer\u00e7ants des produits du terroir s\u2019inscrit dans le cadre de la continuation des efforts consentis pour concr\u00e9tiser les objectifs de l\u2019agriculture solidaire du Plan Agricole R\u00e9gional.<\/p>\n<p class=\"c1\">Il s\u2019agit principalement de l\u2019accompagnement, la consolidation et le renforcement des organisations professionnelles, ainsi que de la valorisation des potentialit\u00e9s r\u00e9gionales par une int\u00e9gration solide de la commercialisation des produits du terroir dans le tissu de l\u2019\u00e9conomie r\u00e9gionale.<\/p>\n<p><img class=\"wp-image-13485 aligncenter\" data-src=\"http:\/\/www.mapoujda.ma\/map\/uploads\/2019\/07\/Le-Salon-r\u00e9gional-des-produits-du-terroir-vu-de-lint\u00e9rieur-M750\u00d7430.jpg\" alt=\"\" width=\"523\" height=\"300\" srcset=\"http:\/\/www.mapoujda.ma\/map\/uploads\/2019\/07\/Le-Salon-r\u00e9gional-des-produits-du-terroir-vu-de-lint\u00e9rieur-M750\u00d7430.jpg 750w, http:\/\/www.mapoujda.ma\/map\/uploads\/2019\/07\/Le-Salon-r\u00e9gional-des-produits-du-terroir-vu-de-lint\u00e9rieur-M750\u00d7430-300x172.jpg 300w\" sizes=\"(max-width: 523px) 100vw, 523px\"\/><\/p>\n<p class=\"c1\">Ainsi, ce Salon r\u00e9gional, destin\u00e9 \u00e0 faire connaitre et promouvoir les produits du terroir de la r\u00e9gion, constitue une plateforme de promotion et de d\u00e9veloppement de cette richesse et de ces potentialit\u00e9s et un rendez-vous pour les professionnels, chercheurs et institutions concern\u00e9es pour \u00e9changer autour de th\u00e9matiques se rapportant au progr\u00e8s technique et technologique en mati\u00e8re de production et de valorisation des produits de terroir.<\/p>\n<p class=\"c1\">Cette initiative offre aux visiteurs de la ville de Sa\u00efdia, qui sont d\u2019ailleurs nombreux pendant cette p\u00e9riode estivale, l\u2019occasion de d\u00e9couvrir la typicit\u00e9 et l\u2019authenticit\u00e9 de la production agricole r\u00e9gionale et nationale qui demeure fortement soutenue par une agriculture solidaire respectueuse de l\u2019environnement et impr\u00e9gn\u00e9e des valeurs socioculturelles.<\/p>\n<p class=\"c1\">Le chapiteau du Salon s\u2019\u00e9tale sur une superficie de plus de 2.000 m\u00b2 avec une participation de pr\u00e8s de 100 coop\u00e9ratives et 200 exposants et exposantes.<\/p>\n<p class=\"c1\">Plus de 17 produits de la r\u00e9gion de l\u2019Oriental mais aussi d\u2019autres r\u00e9gions du Royaume y sont expos\u00e9s (miel, huile d\u2019olive, olive de table, amandes, dattes, cumin, Plantes aromatiques et m\u00e9dicinales (PAM), couscous et d\u00e9riv\u00e9s, argan, \u00e9pices, safran, \u2026), et les organisateurs tablent sur plus de 20.000 visiteurs lors de cette \u00e9dition.<\/p>\n<p class=\"c1\">En plus de l\u2019espace d\u2019exposition, il a \u00e9t\u00e9 proc\u00e9d\u00e9 \u00e0 l\u2019am\u00e9nagement d\u2019un espace de 150 m2 consacr\u00e9 \u00e0 l\u2019Office National du Conseil Agricole (ONCA) qui a la mission de prodiguer un conseil agricole pertinent au profit des professionnels ainsi qu\u2019une expertise au b\u00e9n\u00e9fice des jeunes entrepreneurs souhaitant investir dans le secteur agricole.<\/p>\n<p>Auteur: Soufiane ELAHMAR<br \/>\n<a href=\"http:\/\/www.mapoujda.ma\/fr\/le-salon-regional-des-produits-du-terroir-ouvre-ses-portes\/\">Cliquez ici pour lire l&rsquo;article depuis sa source.<\/a><\/p>\n","protected":false},"excerpt":{"rendered":"<p>La 6\u00e8me \u00e9dition du Salon agricole r\u00e9gional des produits du terroir de l\u2019Oriental s\u2019est ouverte, samedi dans la soir\u00e9e \u00e0 Sa\u00efdia, l\u2019une des meilleures destinations de vacances d\u2019\u00e9t\u00e9 au Maroc, sous le signe \u00ab\u00a0Les produits du terroir, un levier de l\u2019emploi et du d\u00e9veloppement inclusif\u00a0\u00bb. La c\u00e9r\u00e9monie d\u2019ouverture de cette \u00e9dition, qui se poursuivra jusqu\u2019au [&hellip;]<\/p>\n","protected":false},"author":1788,"featured_media":49020,"comment_status":"closed","ping_status":"closed","sticky":false,"template":"","format":"standard","meta":{"fifu_image_url":"","fifu_image_alt":"","footnotes":""},"categories":[54,76],"tags":[],"class_list":["post-49019","post","type-post","status-publish","format-standard","has-post-thumbnail","hentry","category-maroc","category-regions"],"_links":{"self":[{"href":"https:\/\/linitiative.ca\/International\/wp-json\/wp\/v2\/posts\/49019","targetHints":{"allow":["GET"]}}],"collection":[{"href":"https:\/\/linitiative.ca\/International\/wp-json\/wp\/v2\/posts"}],"about":[{"href":"https:\/\/linitiative.ca\/International\/wp-json\/wp\/v2\/types\/post"}],"author":[{"embeddable":true,"href":"https:\/\/linitiative.ca\/International\/wp-json\/wp\/v2\/users\/1788"}],"replies":[{"embeddable":true,"href":"https:\/\/linitiative.ca\/International\/wp-json\/wp\/v2\/comments?post=49019"}],"version-history":[{"count":0,"href":"https:\/\/linitiative.ca\/International\/wp-json\/wp\/v2\/posts\/49019\/revisions"}],"wp:featuredmedia":[{"embeddable":true,"href":"https:\/\/linitiative.ca\/International\/wp-json\/"}],"wp:attachment":[{"href":"https:\/\/linitiative.ca\/International\/wp-json\/wp\/v2\/media?parent=49019"}],"wp:term":[{"taxonomy":"category","embeddable":true,"href":"https:\/\/linitiative.ca\/International\/wp-json\/wp\/v2\/categories?post=49019"},{"taxonomy":"post_tag","embeddable":true,"href":"https:\/\/linitiative.ca\/International\/wp-json\/wp\/v2\/tags?post=49019"}],"curies":[{"name":"wp","href":"https:\/\/api.w.org\/{rel}","templated":true}]}}