{"id":49021,"date":"2019-07-28T12:24:24","date_gmt":"2019-07-28T16:24:24","guid":{"rendered":"https:\/\/linitiative.ca\/International\/plus-de-200-enfants-beneficient-dun-stage-de-football\/"},"modified":"2019-07-28T12:24:24","modified_gmt":"2019-07-28T16:24:24","slug":"plus-de-200-enfants-beneficient-dun-stage-de-football","status":"publish","type":"post","link":"https:\/\/linitiative.ca\/International\/plus-de-200-enfants-beneficient-dun-stage-de-football\/","title":{"rendered":"Plus de 200 enfants b\u00e9n\u00e9ficient d\u2019un stage de football"},"content":{"rendered":"<p class=\"c1\">Plus de 200 enfants b\u00e9n\u00e9ficient, depuis le 25 et jusqu\u2019au 31 juillet courant \u00e0 Nador, de la 2\u00e8me \u00e9dition du \u00abMorocco football Camps\u00bb, un stage de football organis\u00e9 par la Fondation Marocains du monde en partenariat avec l\u2019Acad\u00e9mie Youssef Mokhtari de football.<\/p>\n<p class=\"c1\">Cet \u00e9v\u00e8nement, tenu \u00e0 l\u2019occasion de la c\u00e9l\u00e9bration du 20\u00e8me anniversaire de la F\u00eate du Tr\u00f4ne, vise \u00e0 associer le plus grand nombre d\u2019enfants \u00e0 l\u2019exercice du sport et \u00e0 permettre \u00e0 cette frange de la soci\u00e9t\u00e9 de d\u00e9couvrir les derni\u00e8res techniques footballistiques adopt\u00e9es par les grandes \u00e9coles europ\u00e9ennes.<\/p>\n<p class=\"c1\">Ce stage, encadr\u00e9 par un staff compos\u00e9 de plusieurs cadres et joueurs sous la direction de l\u2019ex-international marocain Youssef Mokhtari, porte aussi sur la remise d\u2019\u00e9quipements sportifs aux enfants participants.<\/p>\n<p class=\"c1\">Dans une d\u00e9claration \u00e0 la MAP, le pr\u00e9sident de la Fondation Marocains du monde, Soufian El Moqaddam, a indiqu\u00e9 que ce stage, ouvert aux enfants de 8 \u00e0 14 ans, connait un r\u00e9el succ\u00e8s avec la participation de plus de 200 enfants cette ann\u00e9e contre une centaine d\u2019enfants lors de la premi\u00e8re \u00e9dition.<\/p>\n<p class=\"c1\">En plus des \u00e9quipements de football distribu\u00e9s gratuitement aux participants, ces enfants b\u00e9n\u00e9ficient d\u2019un encadrement selon des m\u00e9thodes professionnelles et modernes, a-t-il relev\u00e9, ajoutant que l\u2019objectif de cet \u00e9v\u00e8nement est de favoriser l\u2019\u00e9mergence des jeunes talents qui seront les champions de demain, en plus de contribuer \u00e0 l\u2019animation sportive en faveur des jeunes de la r\u00e9gion.<\/p>\n<p class=\"c1\">Il a aussi ajout\u00e9 que l\u2019Acad\u00e9mie Youssef Mokhtari de football ambitionne \u00e0 travers cette initiative d\u2019apporter sa pierre \u00e0 l\u2019\u00e9difice de la formation au Maroc en mettant \u00e0 profit l\u2019exp\u00e9rience r\u00e9ussie de son acad\u00e9mie bas\u00e9e \u00e0 Francfort, formulant l\u2019espoir d\u2019organiser des stages similaires dans les autres villes de la r\u00e9gion de l\u2019Oriental et partout au Maroc.<\/p>\n<p class=\"c1\">Mokhtari fait partie d\u2019une g\u00e9n\u00e9ration dor\u00e9e de l\u2019\u00e9quipe nationale avec Naybet, les fr\u00e8res Hadji et autres Chammakh, qui ont notamment sign\u00e9 un parcours des plus exaltants \u00e0 la CAN en Tunisie, sous les commandes du coach national Baddou Zaki. Auteur d\u2019un doubl\u00e9 en demi-finale contre le Mali (victoire 4-0), Youssef Mokhtari a marqu\u00e9 aussi d\u2019une t\u00eate plongeante m\u00e9morable lors de la finale face aux Tunisiens.<\/p>\n<p>Auteur: Soufiane ELAHMAR<br \/>\n<a href=\"http:\/\/www.mapoujda.ma\/fr\/plus-de-200-enfants-beneficient-dun-stage-de-football\/\">Cliquez ici pour lire l&rsquo;article depuis sa source.<\/a><\/p>\n","protected":false},"excerpt":{"rendered":"<p>Plus de 200 enfants b\u00e9n\u00e9ficient, depuis le 25 et jusqu\u2019au 31 juillet courant \u00e0 Nador, de la 2\u00e8me \u00e9dition du \u00abMorocco football Camps\u00bb, un stage de football organis\u00e9 par la Fondation Marocains du monde en partenariat avec l\u2019Acad\u00e9mie Youssef Mokhtari de football. Cet \u00e9v\u00e8nement, tenu \u00e0 l\u2019occasion de la c\u00e9l\u00e9bration du 20\u00e8me anniversaire de la [&hellip;]<\/p>\n","protected":false},"author":1788,"featured_media":0,"comment_status":"closed","ping_status":"closed","sticky":false,"template":"","format":"standard","meta":{"fifu_image_url":"","fifu_image_alt":"","footnotes":""},"categories":[54,76],"tags":[],"class_list":["post-49021","post","type-post","status-publish","format-standard","hentry","category-maroc","category-regions"],"_links":{"self":[{"href":"https:\/\/linitiative.ca\/International\/wp-json\/wp\/v2\/posts\/49021","targetHints":{"allow":["GET"]}}],"collection":[{"href":"https:\/\/linitiative.ca\/International\/wp-json\/wp\/v2\/posts"}],"about":[{"href":"https:\/\/linitiative.ca\/International\/wp-json\/wp\/v2\/types\/post"}],"author":[{"embeddable":true,"href":"https:\/\/linitiative.ca\/International\/wp-json\/wp\/v2\/users\/1788"}],"replies":[{"embeddable":true,"href":"https:\/\/linitiative.ca\/International\/wp-json\/wp\/v2\/comments?post=49021"}],"version-history":[{"count":0,"href":"https:\/\/linitiative.ca\/International\/wp-json\/wp\/v2\/posts\/49021\/revisions"}],"wp:attachment":[{"href":"https:\/\/linitiative.ca\/International\/wp-json\/wp\/v2\/media?parent=49021"}],"wp:term":[{"taxonomy":"category","embeddable":true,"href":"https:\/\/linitiative.ca\/International\/wp-json\/wp\/v2\/categories?post=49021"},{"taxonomy":"post_tag","embeddable":true,"href":"https:\/\/linitiative.ca\/International\/wp-json\/wp\/v2\/tags?post=49021"}],"curies":[{"name":"wp","href":"https:\/\/api.w.org\/{rel}","templated":true}]}}