{"id":49022,"date":"2019-07-28T15:14:01","date_gmt":"2019-07-28T19:14:01","guid":{"rendered":"https:\/\/linitiative.ca\/International\/ligue-1-2-mca-casoni-vous-etes-en-train-de-vous-disputer-vos-places-ici-en-pologne\/"},"modified":"2019-07-28T15:14:01","modified_gmt":"2019-07-28T19:14:01","slug":"ligue-1-2-mca-casoni-vous-etes-en-train-de-vous-disputer-vos-places-ici-en-pologne","status":"publish","type":"post","link":"https:\/\/linitiative.ca\/International\/ligue-1-2-mca-casoni-vous-etes-en-train-de-vous-disputer-vos-places-ici-en-pologne\/","title":{"rendered":"Ligue 1 &amp; 2 : MCA &#8211; Casoni: \u00abVous \u00eates en train de vous disputer vos places ici en Pologne\u00bb"},"content":{"rendered":"<div readability=\"32\">\n<p>Auteur : <span>K. M.<\/span> <span class=\"time\">dimanche 28 juillet 2019 12:14<\/span><\/p>\n<\/div>\n<div id=\"post_core\" readability=\"54\">\n<p>Le technicien mouloud\u00e9en a \u00e9t\u00e9 franc et direct avec ses joueurs \u00e0 l\u2019entra\u00eenement. Bernard Casoni annonce d\u00e9j\u00e0 la couleur afin de mettre tout le monde devant le fait accompli et pour qu\u2019il n\u2019y ait aucune surprise lorsqu\u2019il composera sa partition qui d\u00e9butera la saison. \u00abSachez les gars qu\u2019ici en Pologne vous \u00eates en train de vous disputer vos places qui seront ch\u00e8res \u00e0 d\u00e9crocher\u00bb, a-t-il lanc\u00e9.<\/p>\n<p><strong>\u00abL\u2019application ne suffit pas sans la concentration \u00e0 l\u2019entra\u00eenement\u00bb<\/strong><br \/>Exigeant toujours une concentration extr\u00eame \u00e0 l\u2019entra\u00eenement, le technicien du MCA revient en boucle sur cet aspect tr\u00e8s important dans le sport de haut niveau. \u00abL\u2019application, c\u2019est bien mais elle ne suffit pas sans la concentration \u00e0 l\u2019entra\u00eenement qui doit \u00eatre extr\u00eame.\u00bb\u00a0\u00a0\u00a0\u00a0 \u00a0<\/p>\n<p><strong>\u00abTout le monde aura sa chance avec moi mais personne n\u2019est titulaire \u00e0 part enti\u00e8re\u00bb<\/strong><br \/>Toujours s\u2019adressant \u00e0 ses cap\u00e9s, Casoni met les points sur les i en affirmant que chaque \u00e9l\u00e9ment aura sa chance qu\u2019il faudra saisir, tout en r\u00e9futant le statut de titulaire auquel personne ne peut pr\u00e9tendre. \u00abCeux qui me connaissent savent que tout le monde aura sa chance avec moi. Chacun aura l\u2019occasion de jouer mais il faudrait alors saisir l\u2019opportunit\u00e9. Sachez aussi que personne, je dis bien personne n\u2019est titulaire \u00e0 part enti\u00e8re. La remise en question doit \u00eatre en permanence car celui qui ne sera pas en forme restera sur le banc. C\u2019est une \u00e9vidence dans le sport de haut niveau et dans le football\u00bb, dira Casoni \u00e0 ses joueurs qui \u00e9taient tr\u00e8s r\u00e9ceptifs \u00e0 ce message lourd de sens.<br \/>\u00a0<\/p>\n<p><strong>Publi\u00e9 dans :<\/strong> <span>mca<\/span> <span>Casoni<\/span><\/p>\n<\/div>\n<p>Auteur:<br \/>\n<a href=\"http:\/\/www.lebuteur.com\/article\/detail?titre=mca-casoni-vous-etes-en-train-de-vous-disputer-vos-places-ici-en-pologne&#038;id=90726&#038;utm_source=feedburner&#038;utm_medium=feed&#038;utm_campaign=Feed%3A+GalerieFArtciles+%28Les+derniers+articles++-+lebuteur.com%29\">Cliquez ici pour lire l&rsquo;article depuis sa source.<\/a><\/p>\n","protected":false},"excerpt":{"rendered":"<p>Auteur : K. M. dimanche 28 juillet 2019 12:14 Le technicien mouloud\u00e9en a \u00e9t\u00e9 franc et direct avec ses joueurs \u00e0 l\u2019entra\u00eenement. Bernard Casoni annonce d\u00e9j\u00e0 la couleur afin de mettre tout le monde devant le fait accompli et pour qu\u2019il n\u2019y ait aucune surprise lorsqu\u2019il composera sa partition qui d\u00e9butera la saison. \u00abSachez les [&hellip;]<\/p>\n","protected":false},"author":1738,"featured_media":49023,"comment_status":"closed","ping_status":"closed","sticky":false,"template":"","format":"standard","meta":{"fifu_image_url":"","fifu_image_alt":"","footnotes":""},"categories":[53,75],"tags":[],"class_list":["post-49022","post","type-post","status-publish","format-standard","has-post-thumbnail","hentry","category-algerie","category-sport"],"_links":{"self":[{"href":"https:\/\/linitiative.ca\/International\/wp-json\/wp\/v2\/posts\/49022","targetHints":{"allow":["GET"]}}],"collection":[{"href":"https:\/\/linitiative.ca\/International\/wp-json\/wp\/v2\/posts"}],"about":[{"href":"https:\/\/linitiative.ca\/International\/wp-json\/wp\/v2\/types\/post"}],"author":[{"embeddable":true,"href":"https:\/\/linitiative.ca\/International\/wp-json\/wp\/v2\/users\/1738"}],"replies":[{"embeddable":true,"href":"https:\/\/linitiative.ca\/International\/wp-json\/wp\/v2\/comments?post=49022"}],"version-history":[{"count":0,"href":"https:\/\/linitiative.ca\/International\/wp-json\/wp\/v2\/posts\/49022\/revisions"}],"wp:featuredmedia":[{"embeddable":true,"href":"https:\/\/linitiative.ca\/International\/wp-json\/"}],"wp:attachment":[{"href":"https:\/\/linitiative.ca\/International\/wp-json\/wp\/v2\/media?parent=49022"}],"wp:term":[{"taxonomy":"category","embeddable":true,"href":"https:\/\/linitiative.ca\/International\/wp-json\/wp\/v2\/categories?post=49022"},{"taxonomy":"post_tag","embeddable":true,"href":"https:\/\/linitiative.ca\/International\/wp-json\/wp\/v2\/tags?post=49022"}],"curies":[{"name":"wp","href":"https:\/\/api.w.org\/{rel}","templated":true}]}}