{"id":49024,"date":"2019-07-28T15:14:04","date_gmt":"2019-07-28T19:14:04","guid":{"rendered":"https:\/\/linitiative.ca\/International\/ligue-1-2-jsk-koanda-ne-reviendra-pas-avant-mardi\/"},"modified":"2019-07-28T15:14:04","modified_gmt":"2019-07-28T19:14:04","slug":"ligue-1-2-jsk-koanda-ne-reviendra-pas-avant-mardi","status":"publish","type":"post","link":"https:\/\/linitiative.ca\/International\/ligue-1-2-jsk-koanda-ne-reviendra-pas-avant-mardi\/","title":{"rendered":"Ligue 1 &amp; 2 : JSK: Koanda ne reviendra pas avant mardi !"},"content":{"rendered":"<div readability=\"32\">\n<p>Auteur : <span>L. A.<\/span> <span class=\"time\">dimanche 28 juillet 2019 12:14<\/span><\/p>\n<\/div>\n<div id=\"post_core\" readability=\"50\">\n<p>A l\u2019issue du dernier stage estival qui s\u2019est d\u00e9roul\u00e9 \u00e0 Evian, l\u2019axial burkinab\u00e9 Koanda a ralli\u00e9 directement son pays. La veille, le joueur devait parapher son contrat avec le club apr\u00e8s que le coach et le pr\u00e9sident Mellal aient pris la d\u00e9cision de le maintenir. Les deux responsables ont jug\u00e9 qu\u2019il a donn\u00e9 enti\u00e8re satisfaction durant les deux regroupements. La signature du contrat est selon notre source d\u00e9cal\u00e9e pour cette semaine, c&rsquo;est-\u00e0-dire avant le 31 juillet prochain, date butoir du mercato estival. Par ailleurs, et concernant le retour de Koanda \u00e0 Tizi, on a appris d\u2019une source digne de foi, que le joueur sera absent ce soir \u00e0 la reprise des entra\u00eenements. En effet, Koanda qui s\u2019est rendu chez lui pour renouveler le visa a pris rendez-vous aupr\u00e8s de l\u2019ambassade d\u2019Alg\u00e9rie au Burkina-Faso pour demain lundi. Il devrait r\u00e9cup\u00e9rer son visa le jour m\u00eame d\u00e8s lors qu\u2019il s\u2019agit d\u2019un joueur international officiellement invit\u00e9 par la JSK \u00e0 passer des tests le mois dernier et avec laquelle il a particip\u00e9 aux deux derniers stages \u00e0 Zekri et Evian.<br \/>\u00a0\u00a0 \u00a0<br \/><strong>Le Kenyan Jumas Moussad attendu dans les prochaines heures<\/strong><br \/>L\u2019autre joueur \u00e9tranger qu\u2019attend la JSK est l\u2019attaquant kenyan Jumas Moussad. Ce dernier a re\u00e7u officiellement une invitation pour formuler sa demande de visa. Selon une source digne de foi, le joueur est attendu dans les prochaines heures \u00e0 Tizi et devrait signer directement son contrat. La JSK a encore une semaine pour boucler son march\u00e9 estival. Le pr\u00e9sident Mellal a d\u00e9clar\u00e9 que l\u2019\u00e9quipe s\u2019est renforc\u00e9e cet \u00e9t\u00e9 par des \u00e9l\u00e9ments d\u2019exp\u00e9rience qui vont apporter un plus pour l\u2019\u00e9quipe \u00e0 commencer par la premi\u00e8re \u00e9ch\u00e9ance, la LDC, qui approche \u00e0 pas de g\u00e9ant.\u00a0 Le match aller se jouera au stade de l\u2019Unit\u00e9- maghr\u00e9bine de B\u00e9ja\u00efa le 9 ao\u00fbt prochain, le match retour \u00e0 Oum Dorman, deux semaines plus tard.<\/p>\n<p><strong>Publi\u00e9 dans :<\/strong> <span>JSK<\/span> <span>Koanda<\/span><\/p>\n<\/div>\n<p>Auteur:<br \/>\n<a href=\"http:\/\/www.lebuteur.com\/article\/detail?titre=jsk-koanda-ne-reviendra-pas-avant-mardi&#038;id=90722&#038;utm_source=feedburner&#038;utm_medium=feed&#038;utm_campaign=Feed%3A+GalerieFArtciles+%28Les+derniers+articles++-+lebuteur.com%29\">Cliquez ici pour lire l&rsquo;article depuis sa source.<\/a><\/p>\n","protected":false},"excerpt":{"rendered":"<p>Auteur : L. A. dimanche 28 juillet 2019 12:14 A l\u2019issue du dernier stage estival qui s\u2019est d\u00e9roul\u00e9 \u00e0 Evian, l\u2019axial burkinab\u00e9 Koanda a ralli\u00e9 directement son pays. La veille, le joueur devait parapher son contrat avec le club apr\u00e8s que le coach et le pr\u00e9sident Mellal aient pris la d\u00e9cision de le maintenir. Les [&hellip;]<\/p>\n","protected":false},"author":1738,"featured_media":49025,"comment_status":"closed","ping_status":"closed","sticky":false,"template":"","format":"standard","meta":{"fifu_image_url":"","fifu_image_alt":"","footnotes":""},"categories":[53,75],"tags":[],"class_list":["post-49024","post","type-post","status-publish","format-standard","has-post-thumbnail","hentry","category-algerie","category-sport"],"_links":{"self":[{"href":"https:\/\/linitiative.ca\/International\/wp-json\/wp\/v2\/posts\/49024","targetHints":{"allow":["GET"]}}],"collection":[{"href":"https:\/\/linitiative.ca\/International\/wp-json\/wp\/v2\/posts"}],"about":[{"href":"https:\/\/linitiative.ca\/International\/wp-json\/wp\/v2\/types\/post"}],"author":[{"embeddable":true,"href":"https:\/\/linitiative.ca\/International\/wp-json\/wp\/v2\/users\/1738"}],"replies":[{"embeddable":true,"href":"https:\/\/linitiative.ca\/International\/wp-json\/wp\/v2\/comments?post=49024"}],"version-history":[{"count":0,"href":"https:\/\/linitiative.ca\/International\/wp-json\/wp\/v2\/posts\/49024\/revisions"}],"wp:featuredmedia":[{"embeddable":true,"href":"https:\/\/linitiative.ca\/International\/wp-json\/"}],"wp:attachment":[{"href":"https:\/\/linitiative.ca\/International\/wp-json\/wp\/v2\/media?parent=49024"}],"wp:term":[{"taxonomy":"category","embeddable":true,"href":"https:\/\/linitiative.ca\/International\/wp-json\/wp\/v2\/categories?post=49024"},{"taxonomy":"post_tag","embeddable":true,"href":"https:\/\/linitiative.ca\/International\/wp-json\/wp\/v2\/tags?post=49024"}],"curies":[{"name":"wp","href":"https:\/\/api.w.org\/{rel}","templated":true}]}}