{"id":49026,"date":"2019-07-28T15:14:05","date_gmt":"2019-07-28T19:14:05","guid":{"rendered":"https:\/\/linitiative.ca\/International\/ligue-1-2-jsk-tout-pour-recuperer-salhi\/"},"modified":"2019-07-28T15:14:05","modified_gmt":"2019-07-28T19:14:05","slug":"ligue-1-2-jsk-tout-pour-recuperer-salhi","status":"publish","type":"post","link":"https:\/\/linitiative.ca\/International\/ligue-1-2-jsk-tout-pour-recuperer-salhi\/","title":{"rendered":"Ligue 1 &amp; 2 : JSK: Tout pour r\u00e9cup\u00e9rer Salhi !"},"content":{"rendered":"<div readability=\"32\">\n<p>Auteur : <span>S. D.<\/span> <span class=\"time\">dimanche 28 juillet 2019 12:14<\/span><\/p>\n<\/div>\n<div id=\"post_core\" readability=\"72\">\n<p>S\u2019il y a une grande satisfaction durant ce deuxi\u00e8me regroupement qui s\u2019est d\u00e9roul\u00e9 \u00e0 Evian, c\u2019est le fait que l\u2019\u00e9quipe rentre au pays sans aucun bless\u00e9. Tout le monde est d\u00e9sormais pr\u00eat pour la comp\u00e9tition, puisque m\u00eame le jeune arri\u00e8re droit, Ahmed A\u00eft Abdeslam, qui a fait l\u2019impasse sur quatre rencontres amicales, a rejoint le groupe en jouant m\u00eame 30 minutes la veille du retour au pays. Le moins que l\u2019on puisse dire est que les membres du staff m\u00e9dical ont su g\u00e9rer les deux semaines de travail afin que chaque \u00e9l\u00e9ment puisse donner le meilleur de lui-m\u00eame. Cependant, seul le gardien international, Abdelkader Salhi, qui n\u2019a pas encore \u00e9t\u00e9 autoris\u00e9 \u00e0 rechausser ses crampons. Titulaire lors des deux premiers matchs amicaux, l\u2019ancien pensionnaire du CRB a \u00e9t\u00e9 victime d\u2019une intoxication alimentaire qui l\u2019a emp\u00each\u00e9 de reprendre le boulot avec le groupe. Il \u00e9tait tellement f\u00e9brile, qu\u2019il ne pouvait m\u00eame pas retaper dans un ballon. Et pour le g\u00e9rer convenablement, un programme sp\u00e9cifique lui a \u00e9t\u00e9 trac\u00e9 dans l\u2019espoir de retrouver ses forces avant la fin de la pr\u00e9paration. Malheureusement, il n\u2019a pas aussi \u00e9t\u00e9 align\u00e9 lors du dernier match amical, ce qui veut dire qu\u2019il est un peu en retard par rapport aux deux autres gardiens. Devant cette situation, une source bien inform\u00e9e nous a fait savoir que Salhi va devoir suivre un programme sp\u00e9cifique \u00e0 partir d\u2019aujourd\u2019hui. Autrement dit, il va \u00eatre soumis \u00e0 des exercices en solo pour qu\u2019il puisse retrouver rapidement ses sensations. A quelques jours du premier match de la Ligue des Champions contre Al Merreikh, le coach Velud souhaite que tout le monde soit au top afin qu\u2019il puisse d\u00e9gager le meilleur onze possible pour l\u2019occasion.<\/p>\n<p><strong>Il a rat\u00e9 plus d\u2019une semaine de pr\u00e9paration<\/strong><br \/>Si Salhi est contraint de suivre un programme sp\u00e9cifique, c\u2019est parce qu\u2019il a rat\u00e9 toute une semaine de pr\u00e9paration. Au moment o\u00f9 ses co\u00e9quipiers se d\u00e9chainaient sur le terrain, il \u00e9tait en train de reprendre progressivement ses forces. Il se contentait chaque soir de quelques tours de piste avant de regagner sa chambre.<\/p>\n<p><strong>Benbot gagne des points<\/strong><br \/>De son c\u00f4t\u00e9, le deuxi\u00e8me gardien, Oussama Benbot, en a bien profit\u00e9 de l\u2019absence de Salhi, pour gagner des points. En plus d\u2019\u00eatre toujours au top aux entra\u00eenements, il a \u00e9t\u00e9 cr\u00e9dit\u00e9 de tr\u00e8s belles prestations lors des matchs amicaux. Ainsi, la concurrence a \u00e9t\u00e9 vraiment relanc\u00e9e m\u00eame si Salhi s\u2019est toujours montr\u00e9 confiant, lui qui conna\u00eet bien ses qualit\u00e9s.<\/p>\n<p><strong>Publi\u00e9 dans :<\/strong> <span>JSK<\/span> <span>Velud<\/span> <span>Salhi<\/span><\/p>\n<\/div>\n<p>Auteur:<br \/>\n<a href=\"http:\/\/www.lebuteur.com\/article\/detail?titre=jsk-tout-pour-recuperer-salhi&#038;id=90720&#038;utm_source=feedburner&#038;utm_medium=feed&#038;utm_campaign=Feed%3A+GalerieFArtciles+%28Les+derniers+articles++-+lebuteur.com%29\">Cliquez ici pour lire l&rsquo;article depuis sa source.<\/a><\/p>\n","protected":false},"excerpt":{"rendered":"<p>Auteur : S. D. dimanche 28 juillet 2019 12:14 S\u2019il y a une grande satisfaction durant ce deuxi\u00e8me regroupement qui s\u2019est d\u00e9roul\u00e9 \u00e0 Evian, c\u2019est le fait que l\u2019\u00e9quipe rentre au pays sans aucun bless\u00e9. Tout le monde est d\u00e9sormais pr\u00eat pour la comp\u00e9tition, puisque m\u00eame le jeune arri\u00e8re droit, Ahmed A\u00eft Abdeslam, qui a [&hellip;]<\/p>\n","protected":false},"author":1738,"featured_media":49027,"comment_status":"closed","ping_status":"closed","sticky":false,"template":"","format":"standard","meta":{"fifu_image_url":"","fifu_image_alt":"","footnotes":""},"categories":[53,75],"tags":[],"class_list":["post-49026","post","type-post","status-publish","format-standard","has-post-thumbnail","hentry","category-algerie","category-sport"],"_links":{"self":[{"href":"https:\/\/linitiative.ca\/International\/wp-json\/wp\/v2\/posts\/49026","targetHints":{"allow":["GET"]}}],"collection":[{"href":"https:\/\/linitiative.ca\/International\/wp-json\/wp\/v2\/posts"}],"about":[{"href":"https:\/\/linitiative.ca\/International\/wp-json\/wp\/v2\/types\/post"}],"author":[{"embeddable":true,"href":"https:\/\/linitiative.ca\/International\/wp-json\/wp\/v2\/users\/1738"}],"replies":[{"embeddable":true,"href":"https:\/\/linitiative.ca\/International\/wp-json\/wp\/v2\/comments?post=49026"}],"version-history":[{"count":0,"href":"https:\/\/linitiative.ca\/International\/wp-json\/wp\/v2\/posts\/49026\/revisions"}],"wp:featuredmedia":[{"embeddable":true,"href":"https:\/\/linitiative.ca\/International\/wp-json\/"}],"wp:attachment":[{"href":"https:\/\/linitiative.ca\/International\/wp-json\/wp\/v2\/media?parent=49026"}],"wp:term":[{"taxonomy":"category","embeddable":true,"href":"https:\/\/linitiative.ca\/International\/wp-json\/wp\/v2\/categories?post=49026"},{"taxonomy":"post_tag","embeddable":true,"href":"https:\/\/linitiative.ca\/International\/wp-json\/wp\/v2\/tags?post=49026"}],"curies":[{"name":"wp","href":"https:\/\/api.w.org\/{rel}","templated":true}]}}