{"id":49028,"date":"2019-07-28T15:14:07","date_gmt":"2019-07-28T19:14:07","guid":{"rendered":"https:\/\/linitiative.ca\/International\/international-psg-cet-ete-la-chine-ne-verra-pas-neymar\/"},"modified":"2019-07-28T15:14:07","modified_gmt":"2019-07-28T19:14:07","slug":"international-psg-cet-ete-la-chine-ne-verra-pas-neymar","status":"publish","type":"post","link":"https:\/\/linitiative.ca\/International\/international-psg-cet-ete-la-chine-ne-verra-pas-neymar\/","title":{"rendered":"International : PSG : Cet \u00e9t\u00e9, la Chine ne verra pas Neymar&#8230;"},"content":{"rendered":"<div readability=\"32\">\n<p>Auteur : <span class=\"time\">dimanche 28 juillet 2019 13:41<\/span><\/p>\n<\/div>\n<div id=\"post_core\" readability=\"46\">\n<p>Toujours indisponible contre l&rsquo;Inter Milan (1-1, 5-6 tab), samedi en amical, Neymar (27 ans) ne disputera pas non plus le prochain match de pr\u00e9paration du PSG contre le Sydney FC, mardi. L&rsquo;Equipe annonce que l&rsquo;attaquant br\u00e9silien continuera son travail de reprise avec Presnel Kimpembe.<\/p>\n<p>Si l&rsquo;Auriverde a fait le d\u00e9placement en Chine avec le PSG, il ne disputera donc aucune rencontre lors de cette tourn\u00e9e asiatique puisqu&rsquo;il sera suspendu pour le Troph\u00e9e des Champions qui se jouera samedi prochain (12h30), \u00e0 Shenzhen, face \u00e0 Rennes, comme le rapporte Maxifoot.<\/p>\n<p><strong>Publi\u00e9 dans :<\/strong> <span>PSG<\/span><\/p>\n<\/div>\n<p>Auteur:<br \/>\n<a href=\"http:\/\/www.lebuteur.com\/article\/detail?titre=psg-cet-ete-la-chine-ne-verra-pas-neymar&#038;id=90732&#038;utm_source=feedburner&#038;utm_medium=feed&#038;utm_campaign=Feed%3A+GalerieFArtciles+%28Les+derniers+articles++-+lebuteur.com%29\">Cliquez ici pour lire l&rsquo;article depuis sa source.<\/a><\/p>\n","protected":false},"excerpt":{"rendered":"<p>Auteur : dimanche 28 juillet 2019 13:41 Toujours indisponible contre l&rsquo;Inter Milan (1-1, 5-6 tab), samedi en amical, Neymar (27 ans) ne disputera pas non plus le prochain match de pr\u00e9paration du PSG contre le Sydney FC, mardi. L&rsquo;Equipe annonce que l&rsquo;attaquant br\u00e9silien continuera son travail de reprise avec Presnel Kimpembe. Si l&rsquo;Auriverde a fait [&hellip;]<\/p>\n","protected":false},"author":1738,"featured_media":49029,"comment_status":"closed","ping_status":"closed","sticky":false,"template":"","format":"standard","meta":{"fifu_image_url":"","fifu_image_alt":"","footnotes":""},"categories":[53,75],"tags":[],"class_list":["post-49028","post","type-post","status-publish","format-standard","has-post-thumbnail","hentry","category-algerie","category-sport"],"_links":{"self":[{"href":"https:\/\/linitiative.ca\/International\/wp-json\/wp\/v2\/posts\/49028","targetHints":{"allow":["GET"]}}],"collection":[{"href":"https:\/\/linitiative.ca\/International\/wp-json\/wp\/v2\/posts"}],"about":[{"href":"https:\/\/linitiative.ca\/International\/wp-json\/wp\/v2\/types\/post"}],"author":[{"embeddable":true,"href":"https:\/\/linitiative.ca\/International\/wp-json\/wp\/v2\/users\/1738"}],"replies":[{"embeddable":true,"href":"https:\/\/linitiative.ca\/International\/wp-json\/wp\/v2\/comments?post=49028"}],"version-history":[{"count":0,"href":"https:\/\/linitiative.ca\/International\/wp-json\/wp\/v2\/posts\/49028\/revisions"}],"wp:featuredmedia":[{"embeddable":true,"href":"https:\/\/linitiative.ca\/International\/wp-json\/"}],"wp:attachment":[{"href":"https:\/\/linitiative.ca\/International\/wp-json\/wp\/v2\/media?parent=49028"}],"wp:term":[{"taxonomy":"category","embeddable":true,"href":"https:\/\/linitiative.ca\/International\/wp-json\/wp\/v2\/categories?post=49028"},{"taxonomy":"post_tag","embeddable":true,"href":"https:\/\/linitiative.ca\/International\/wp-json\/wp\/v2\/tags?post=49028"}],"curies":[{"name":"wp","href":"https:\/\/api.w.org\/{rel}","templated":true}]}}