{"id":49030,"date":"2019-07-28T15:14:08","date_gmt":"2019-07-28T19:14:08","guid":{"rendered":"https:\/\/linitiative.ca\/International\/international-real-le-transfert-de-gareth-bale-en-chine-serait-tombe-a-leau\/"},"modified":"2019-07-28T15:14:08","modified_gmt":"2019-07-28T19:14:08","slug":"international-real-le-transfert-de-gareth-bale-en-chine-serait-tombe-a-leau","status":"publish","type":"post","link":"https:\/\/linitiative.ca\/International\/international-real-le-transfert-de-gareth-bale-en-chine-serait-tombe-a-leau\/","title":{"rendered":"International : Real : Le transfert de Gareth Bale en Chine serait tomb\u00e9 \u00e0 l&rsquo;eau !"},"content":{"rendered":"<div readability=\"32\">\n<p>Auteur : <span class=\"time\">dimanche 28 juillet 2019 13:47<\/span><\/p>\n<\/div>\n<div id=\"post_core\" readability=\"38.4375\">\n<p>Retournement de situation dans le dossier Gareth Bale. Alors que le Gallois a \u00e9t\u00e9 annonc\u00e9 en direction de la Chine, et plus pr\u00e9cis\u00e9ment vers le Jiangsu Suning, il semblerait que le Real Madrid soit intervenu comme le souligne Sport24. Selon la BBC, le joueur de 30 ans devrait rester \u00e0 Madrid pour le moment.<\/p>\n<div readability=\"6.16167664671\">\n<blockquote class=\"twitter-tweet\" data-lang=\"fr\" readability=\"6.16167664671\">\n<p dir=\"ltr\" lang=\"en\">Exclusive: Gareth Bale\u2019s proposed move to China is OFF. As things stand, he will be staying at Real Madrid <a href=\"https:\/\/twitter.com\/hashtag\/RMFC?src=hash&#038;ref_src=twsrc%5Etfw\">#RMFC<\/a><\/p>\n<p>\u2014 David Ornstein (@bbcsport_david) <a href=\"https:\/\/twitter.com\/bbcsport_david\/status\/1155450854826287104?ref_src=twsrc%5Etfw\">28 juillet 2019<\/a><\/p><\/blockquote>\n<\/div>\n<p><strong>Publi\u00e9 dans :<\/strong> <span>real madrid<\/span><\/p>\n<\/div>\n<p>Auteur:<br \/>\n<a href=\"http:\/\/www.lebuteur.com\/article\/detail?titre=real-le-transfert-de-gareth-bale-en-chine-serait-tombe-a-leau&#038;id=90733&#038;utm_source=feedburner&#038;utm_medium=feed&#038;utm_campaign=Feed%3A+GalerieFArtciles+%28Les+derniers+articles++-+lebuteur.com%29\">Cliquez ici pour lire l&rsquo;article depuis sa source.<\/a><\/p>\n","protected":false},"excerpt":{"rendered":"<p>Auteur : dimanche 28 juillet 2019 13:47 Retournement de situation dans le dossier Gareth Bale. Alors que le Gallois a \u00e9t\u00e9 annonc\u00e9 en direction de la Chine, et plus pr\u00e9cis\u00e9ment vers le Jiangsu Suning, il semblerait que le Real Madrid soit intervenu comme le souligne Sport24. Selon la BBC, le joueur de 30 ans devrait [&hellip;]<\/p>\n","protected":false},"author":1738,"featured_media":49031,"comment_status":"closed","ping_status":"closed","sticky":false,"template":"","format":"standard","meta":{"fifu_image_url":"","fifu_image_alt":"","footnotes":""},"categories":[53,75],"tags":[],"class_list":["post-49030","post","type-post","status-publish","format-standard","has-post-thumbnail","hentry","category-algerie","category-sport"],"_links":{"self":[{"href":"https:\/\/linitiative.ca\/International\/wp-json\/wp\/v2\/posts\/49030","targetHints":{"allow":["GET"]}}],"collection":[{"href":"https:\/\/linitiative.ca\/International\/wp-json\/wp\/v2\/posts"}],"about":[{"href":"https:\/\/linitiative.ca\/International\/wp-json\/wp\/v2\/types\/post"}],"author":[{"embeddable":true,"href":"https:\/\/linitiative.ca\/International\/wp-json\/wp\/v2\/users\/1738"}],"replies":[{"embeddable":true,"href":"https:\/\/linitiative.ca\/International\/wp-json\/wp\/v2\/comments?post=49030"}],"version-history":[{"count":0,"href":"https:\/\/linitiative.ca\/International\/wp-json\/wp\/v2\/posts\/49030\/revisions"}],"wp:featuredmedia":[{"embeddable":true,"href":"https:\/\/linitiative.ca\/International\/wp-json\/"}],"wp:attachment":[{"href":"https:\/\/linitiative.ca\/International\/wp-json\/wp\/v2\/media?parent=49030"}],"wp:term":[{"taxonomy":"category","embeddable":true,"href":"https:\/\/linitiative.ca\/International\/wp-json\/wp\/v2\/categories?post=49030"},{"taxonomy":"post_tag","embeddable":true,"href":"https:\/\/linitiative.ca\/International\/wp-json\/wp\/v2\/tags?post=49030"}],"curies":[{"name":"wp","href":"https:\/\/api.w.org\/{rel}","templated":true}]}}