{"id":49043,"date":"2019-07-27T20:00:00","date_gmt":"2019-07-28T00:00:00","guid":{"rendered":"https:\/\/linitiative.ca\/International\/la-classe-politique-reagit-sous-le-signe-de-loptimisme\/"},"modified":"2019-07-27T20:00:00","modified_gmt":"2019-07-28T00:00:00","slug":"la-classe-politique-reagit-sous-le-signe-de-loptimisme","status":"publish","type":"post","link":"https:\/\/linitiative.ca\/International\/la-classe-politique-reagit-sous-le-signe-de-loptimisme\/","title":{"rendered":"La classe politique r\u00e9agit : Sous le signe de l\u2019optimisme"},"content":{"rendered":"<p>En effet, pour l\u2019ancien dirigeant du Mouvement Ennahda, Fateh Rebiai, les noms propos\u00e9s pour la conduite du dialogue sont dans l\u2019ensemble \u00ab\u00a0acceptables\u00a0\u00bb, ce qui constitue, selon lui, le d\u00e9but de la solution \u00e0 la crise. Fateh Rebiai a exprim\u00e9 son souhait de voir la liste compl\u00e9t\u00e9e avec des personnalit\u00e9s nationales de \u00ab\u00a0poids\u00a0\u00bb et d\u2019 \u00ab\u00a0adh\u00e9sion populaire\u00a0\u00bb.<br \/>Le pr\u00e9sident du parti Talaie El-Hourriyet a, pour sa part, apport\u00e9 son soutien au panel des six personnalit\u00e9s nationales qui vont jouer les \u00ab m\u00e9diateurs \u00bb entre les Alg\u00e9riens et le Pouvoir. \u00abLe dialogue national est d\u00e9sormais plus qu\u2019un choix, c\u2019est aujourd\u2019hui une n\u00e9cessit\u00e9 vitale qui inclut l\u2019int\u00e9r\u00eat supr\u00eame de la patrie \u00bb, \u00e9crit Ali Benflis sur sa page Facebook. Il se montre des plus confiants quant \u00e0 l\u2019issue de ce dialogue. Pour lui, on n\u2019a jamais \u00e9t\u00e9 proches du r\u00e8glement de la crise politique depuis son d\u00e9but. \u00ab Depuis le d\u00e9but de la crise, nous sommes aujourd\u2019hui plus proches que jamais d\u2019une solution \u00bb, assure-t-il. \u00ab Les conditions du r\u00e8glement de la crise sont \u00e0 notre port\u00e9e plus qu\u2019elles ne l\u2019ont \u00e9t\u00e9 durant toutes les pr\u00e9c\u00e9dentes \u00e9tapes \u00bb, conclut-il.<br \/>Le pr\u00e9sident du Front de l\u2019Alg\u00e9rie Nouvelle (FAN), Djamel Benabdeslam, a, quant \u00e0 lui, enregistr\u00e9 avec satisfaction l\u2019adh\u00e9sion de Karim Youn\u00e8s \u00e0 la direction du dialogue et rappel\u00e9 que ce dernier \u00e9tait pr\u00e9sent \u00e0 plusieurs reprises, dans les rues d\u2019Alger, avec le mouvement populaire. \u00ab Lorsqu\u2019on lui a propos\u00e9 de diriger le dialogue, il a refus\u00e9 d\u2019\u00eatre propos\u00e9 par le pouvoir sans le consentement des autres parties (soci\u00e9t\u00e9 civile, partis de l\u2019opposition, personnalit\u00e9s nationales). Il a tenu une s\u00e9rie de rencontres avec ces derniers\u00a0 pour demander conseil et leur avis sur le sujet. Il a exig\u00e9 des mesures d\u2019apaisement pour accepter la mission, ainsi que l\u2019ind\u00e9pendance totale du panel et de ses d\u00e9cisions\u00bb, a-t-il pr\u00e9cis\u00e9, tout en mettant en exergue\u00a0 les\u00a0 qualit\u00e9s de\u00a0 l\u2019ancien\u00a0 pr\u00e9sident de l\u2019APN, dont le parcours, selon lui, le place\u00a0 \u00e0 la\u00a0 hauteur de la mission qui\u00a0 lui\u00a0 a \u00e9t\u00e9 confi\u00e9e. Le Parti de la libert\u00e9 et de la justice (PLJ) prend note des engagements annonc\u00e9s par la pr\u00e9sidence de l\u2019Etat dans le communiqu\u00e9 chargeant un panel de personnalit\u00e9s nationales \u00e0 mener le dialogue national inclusif en vue de l\u2019\u00e9lection pr\u00e9sidentielle. Dans ce sens, il l\u2019invite \u00e0 les r\u00e9aliser rapidement. Le parti de Mohamed Sa\u00efd consid\u00e8re que la rupture existe entre le Pouvoir et le peuple, laquelle s\u2019est aggrav\u00e9e depuis le 22 f\u00e9vrier.\u00a0 Il s\u2019accorde ainsi le temps n\u00e9cessaire pour s\u2019assurer de la sinc\u00e9rit\u00e9 de la volont\u00e9 politique du Pouvoir, avant de se prononcer sur ses relations avec le panel, une fois sa composition d\u00e9finitive achev\u00e9e.<br \/>Pour sa part, le Dr Li\u00e8s Merabet, pr\u00e9sident du Syndicat des praticiens de la sant\u00e9 publique, estime que le panel est charg\u00e9 d\u2019une mission historique noble, celle d\u2019ouvrir la voie du dialogue entre les Alg\u00e9riens et de revenir au processus \u00e9lectoral. Toutefois, il propose d\u2019\u00e9largir ce panel \u00e0 d\u2019autres personnalit\u00e9s \u00e0 forte adh\u00e9sion populaire pour cr\u00e9er un \u00e9quilibre r\u00e9gional et id\u00e9ologique. Il cite, \u00e0 ce titre, l\u2019ancien diplomate Taleb El Ibrahimi, l\u2019ancien chef du gouvernement Mouloud Hamrouche, la moudjahida Djamila Bouhired et d\u2019autres noms propos\u00e9s par le<br \/>\u00ab Hirak populaire \u00bb.<br \/>Pour ce qui est des engagements pris par la Pr\u00e9sidence de l\u2019Etat, en ce qui concerne notamment la lib\u00e9ration des d\u00e9tenus du mouvement populaire, Li\u00e8s Merabet estime que \u00ab ce sont des signes positifs pour le succ\u00e8s du dialogue \u00bb. Hamza Kharoubi, pr\u00e9sident de la Coordination nationale des aides-soignants affili\u00e9e \u00e0 la F\u00e9d\u00e9ration des forces productives, a d\u00e9clar\u00e9 que la direction du dialogue avec sa structure actuelle est acceptable. Il d\u00e9plore, toutefois, l\u2019absence totale d\u2019\u00e9l\u00e9ments jeunes, susceptibles de rendre ce panel plus influent et acceptable pour tout le peuple alg\u00e9rien. Le Front des forces socialistes (FFS) consid\u00e8re que \u00abcette commission n\u2019a de mandat que celui que les d\u00e9cideurs lui ont attribu\u00e9 afin d\u2019encadrer un dialogue impos\u00e9 au pas de charge\u00bb, estimant qu\u2019\u00e0 travers ce dialogue, \u00ables tenants du pouvoir essayent encore une fois de gagner du temps\u00bb. Le Parti des travailleurs (PT) s\u2019est dit, de son c\u00f4t\u00e9, \u00abconvaincu que la voie qui permettra de r\u00e9aliser le changement radical r\u00e9clam\u00e9 par des millions de citoyennes et de citoyens r\u00e9side dans la mise en place d\u2019une Assembl\u00e9e constituante souveraine\u00bb.<br \/><strong>Salima Ettouahria<\/strong><\/p>\n<p>Auteur: elmoudjahid<br \/>\n<a href=\"http:\/\/www.elmoudjahid.com\/fr\/actualites\/139869\">Cliquez ici pour lire l&rsquo;article depuis sa source.<\/a><\/p>\n","protected":false},"excerpt":{"rendered":"<p>En effet, pour l\u2019ancien dirigeant du Mouvement Ennahda, Fateh Rebiai, les noms propos\u00e9s pour la conduite du dialogue sont dans l\u2019ensemble \u00ab\u00a0acceptables\u00a0\u00bb, ce qui constitue, selon lui, le d\u00e9but de la solution \u00e0 la crise. Fateh Rebiai a exprim\u00e9 son souhait de voir la liste compl\u00e9t\u00e9e avec des personnalit\u00e9s nationales de \u00ab\u00a0poids\u00a0\u00bb et d\u2019 \u00ab\u00a0adh\u00e9sion [&hellip;]<\/p>\n","protected":false},"author":1744,"featured_media":0,"comment_status":"closed","ping_status":"closed","sticky":false,"template":"","format":"standard","meta":{"fifu_image_url":"","fifu_image_alt":"","footnotes":""},"categories":[73,53],"tags":[],"class_list":["post-49043","post","type-post","status-publish","format-standard","hentry","category-actualite","category-algerie"],"_links":{"self":[{"href":"https:\/\/linitiative.ca\/International\/wp-json\/wp\/v2\/posts\/49043","targetHints":{"allow":["GET"]}}],"collection":[{"href":"https:\/\/linitiative.ca\/International\/wp-json\/wp\/v2\/posts"}],"about":[{"href":"https:\/\/linitiative.ca\/International\/wp-json\/wp\/v2\/types\/post"}],"author":[{"embeddable":true,"href":"https:\/\/linitiative.ca\/International\/wp-json\/wp\/v2\/users\/1744"}],"replies":[{"embeddable":true,"href":"https:\/\/linitiative.ca\/International\/wp-json\/wp\/v2\/comments?post=49043"}],"version-history":[{"count":0,"href":"https:\/\/linitiative.ca\/International\/wp-json\/wp\/v2\/posts\/49043\/revisions"}],"wp:attachment":[{"href":"https:\/\/linitiative.ca\/International\/wp-json\/wp\/v2\/media?parent=49043"}],"wp:term":[{"taxonomy":"category","embeddable":true,"href":"https:\/\/linitiative.ca\/International\/wp-json\/wp\/v2\/categories?post=49043"},{"taxonomy":"post_tag","embeddable":true,"href":"https:\/\/linitiative.ca\/International\/wp-json\/wp\/v2\/tags?post=49043"}],"curies":[{"name":"wp","href":"https:\/\/api.w.org\/{rel}","templated":true}]}}