{"id":49044,"date":"2019-07-27T20:00:00","date_gmt":"2019-07-28T00:00:00","guid":{"rendered":"https:\/\/linitiative.ca\/International\/fln-soutien-au-dialogue\/"},"modified":"2019-07-27T20:00:00","modified_gmt":"2019-07-28T00:00:00","slug":"fln-soutien-au-dialogue","status":"publish","type":"post","link":"https:\/\/linitiative.ca\/International\/fln-soutien-au-dialogue\/","title":{"rendered":"FLN :  Soutien au dialogue"},"content":{"rendered":"<p>Le soutien du FLN \u00e0 la dynamique du dialogue national auquel a appel\u00e9 le pr\u00e9sident de l\u2019Etat a \u00e9t\u00e9 r\u00e9affirm\u00e9 d\u2019entr\u00e9e par Mohamed Djema\u00ef, \u00e0 l\u2019ouverture des travaux de la session ordinaire du comit\u00e9 central, premi\u00e8re du genre, qu\u2019il a pr\u00e9sid\u00e9e depuis son accession au poste de SG et qui s\u2019est tenue jeudi au Centre international des conf\u00e9rences d\u2019Alger. Hasard du calendrier, cet \u00e9v\u00e9nement est intervenu \u00e0 un moment o\u00f9 l\u2019option du dialogue, maintes fois r\u00e9it\u00e9r\u00e9e par le chef de l\u2019Etat, enregistre un v\u00e9ritable sursaut vers sa cons\u00e9cration, \u00e0 travers la d\u00e9signation d\u2019un panel de m\u00e9diateurs re\u00e7us le m\u00eame jour par le chef de l\u2019Etat. Pour le FLN, dont le SG avait salu\u00e9 la veille les efforts consentis et par la Pr\u00e9sidence et par l\u2019Arm\u00e9e nationale populaire en vue de la r\u00e9solution de la crise politique \u00e0 travers un dialogue inclusif, il devient urgent de faire aboutir ce processus. \u00abL\u2019Alg\u00e9rie ne peut plus supporter de retard, d\u2019o\u00f9 l\u2019importance d\u2019un dialogue global qui satisfasse les int\u00e9r\u00eats du peuple et ses revendications pour \u00e9viter des cons\u00e9quences n\u00e9fastes sur l\u2019\u00e9conomie nationale\u00bb, a en effet soutenu le SG du parti dans son allocution \u00e0 l\u2019ouverture des travaux de la session. Celle-ci a r\u00e9uni 306 membres sur un total de 490 que compte cette instance. Une session qui succ\u00e8de, rappelle-t-on, \u00e0 une autre concertation interne, la r\u00e9union des mouhafedhs et des pr\u00e9sidents des commissions transitoires en l\u2019occurrence, et durant laquelle Mohamed Djema\u00ef a r\u00e9affirm\u00e9 toute sa conviction mais aussi son adh\u00e9sion au processus de dialogue dans le cadre du respect de la Constitution, et ce, dans l\u2019objectif notamment d\u2019aller vers la tenue d\u2019une \u00e9lection pr\u00e9sidentielle dans les meilleurs d\u00e9lais. Il a soutenu que cette session du comit\u00e9 central devait inclure dans ses travaux l\u2019\u00e9tablissement d\u2019une nouvelle feuille de route politique, dans le sens de contribuer au succ\u00e8s du dialogue national et \u00e0 la r\u00e9solution de la crise politique. Il reste que le devenir du FLN face aux nouvelles mutations politiques tendant \u00e0 provoquer une r\u00e9elle rupture avec le r\u00e9gime d\u00e9chu et ses symboles est toujours source d\u2019appr\u00e9hension pour son SG. Ce dernier, qui se lance dans une action de (re)conqu\u00eate de la\u00a0l\u00e9gitimit\u00e9 populaire, a de nouveau qualifi\u00e9 de l\u00e9gitimes les revendications du mouvement citoyen pour le changement. Dans son allocution, il a aussi rendu un vibrant hommage \u00e0 l\u2019institution militaire qui s\u2019est content\u00e9e, dit-il, \u00abd\u2019exercer ses missions constitutionnelles\u00bb. Il a \u00e9galement critiqu\u00e9 de mani\u00e8re virulente ceux qui veulent porter atteinte au Commandement de l\u2019ANP, affirmant que le soutien du FLN \u00e0 l\u2019ANP s\u2019inscrit en parfaite concordance avec la ligne politique du parti d\u2019essence \u00abnationaliste et authentique\u00bb. \u00abComment ne pas nous mettre aux c\u00f4t\u00e9s de l\u2019Arm\u00e9e qui a accompagn\u00e9 la justice et pr\u00e9serv\u00e9 le caract\u00e8re pacifique du mouvement citoyen depuis le 22 f\u00e9vrier \u00e0 ce jour\u00bb, a-t-il soulign\u00e9. La session du comit\u00e9 central a vu par ailleurs la d\u00e9signation des 17 membres du bureau politique. Les travaux ont port\u00e9 \u00e9galement sur la restructuration du parti et la pr\u00e9paration du prochain congr\u00e8s.<br \/>\u00a0Karim Aoudia<\/p>\n<p>Auteur: elmoudjahid<br \/>\n<a href=\"http:\/\/www.elmoudjahid.com\/fr\/actualites\/139870\">Cliquez ici pour lire l&rsquo;article depuis sa source.<\/a><\/p>\n","protected":false},"excerpt":{"rendered":"<p>Le soutien du FLN \u00e0 la dynamique du dialogue national auquel a appel\u00e9 le pr\u00e9sident de l\u2019Etat a \u00e9t\u00e9 r\u00e9affirm\u00e9 d\u2019entr\u00e9e par Mohamed Djema\u00ef, \u00e0 l\u2019ouverture des travaux de la session ordinaire du comit\u00e9 central, premi\u00e8re du genre, qu\u2019il a pr\u00e9sid\u00e9e depuis son accession au poste de SG et qui s\u2019est tenue jeudi au Centre [&hellip;]<\/p>\n","protected":false},"author":1744,"featured_media":0,"comment_status":"closed","ping_status":"closed","sticky":false,"template":"","format":"standard","meta":{"fifu_image_url":"","fifu_image_alt":"","footnotes":""},"categories":[73,53],"tags":[],"class_list":["post-49044","post","type-post","status-publish","format-standard","hentry","category-actualite","category-algerie"],"_links":{"self":[{"href":"https:\/\/linitiative.ca\/International\/wp-json\/wp\/v2\/posts\/49044","targetHints":{"allow":["GET"]}}],"collection":[{"href":"https:\/\/linitiative.ca\/International\/wp-json\/wp\/v2\/posts"}],"about":[{"href":"https:\/\/linitiative.ca\/International\/wp-json\/wp\/v2\/types\/post"}],"author":[{"embeddable":true,"href":"https:\/\/linitiative.ca\/International\/wp-json\/wp\/v2\/users\/1744"}],"replies":[{"embeddable":true,"href":"https:\/\/linitiative.ca\/International\/wp-json\/wp\/v2\/comments?post=49044"}],"version-history":[{"count":0,"href":"https:\/\/linitiative.ca\/International\/wp-json\/wp\/v2\/posts\/49044\/revisions"}],"wp:attachment":[{"href":"https:\/\/linitiative.ca\/International\/wp-json\/wp\/v2\/media?parent=49044"}],"wp:term":[{"taxonomy":"category","embeddable":true,"href":"https:\/\/linitiative.ca\/International\/wp-json\/wp\/v2\/categories?post=49044"},{"taxonomy":"post_tag","embeddable":true,"href":"https:\/\/linitiative.ca\/International\/wp-json\/wp\/v2\/tags?post=49044"}],"curies":[{"name":"wp","href":"https:\/\/api.w.org\/{rel}","templated":true}]}}