{"id":49045,"date":"2019-07-27T20:00:00","date_gmt":"2019-07-28T00:00:00","guid":{"rendered":"https:\/\/linitiative.ca\/International\/rnd-une-reponse-a-la-volonte-populaire\/"},"modified":"2019-07-27T20:00:00","modified_gmt":"2019-07-28T00:00:00","slug":"rnd-une-reponse-a-la-volonte-populaire","status":"publish","type":"post","link":"https:\/\/linitiative.ca\/International\/rnd-une-reponse-a-la-volonte-populaire\/","title":{"rendered":"RND : Une r\u00e9ponse \u00e0 la volont\u00e9 populaire"},"content":{"rendered":"<p>Le parti du Rassemblement national d\u00e9mocratique (RND) a affirm\u00e9, jeudi, que l\u2019annonce de la liste des personnalit\u00e9s nationales appel\u00e9es \u00e0 diriger le dialogue national \u00abse veut une r\u00e9ponse de bonne foi \u00e0 la volont\u00e9 du peuple alg\u00e9rien en faveur du changement et de l\u2019\u00e9dification d\u2019un Etat fort\u00bb.<br \/>\u00abLe RND a accueilli favorablement l\u2019annonce par le chef de l\u2019Etat de la liste des personnalit\u00e9s nationales ind\u00e9pendantes qui superviseront la direction du dialogue national et la mise en place d\u2019une plateforme solide permettant aux acteurs nationaux de la classe politique, la soci\u00e9t\u00e9 civile et les forces vives de pr\u00e9senter leurs id\u00e9es et leurs visions\u00bb, indique un communiqu\u00e9 du parti. Le parti estime que cette d\u00e9marche se veut \u00abune r\u00e9ponse de bonne foi \u00e0 la volont\u00e9 du peuple alg\u00e9rien en faveur du changement et de l\u2019\u00e9dification d\u2019un Etat fort et solide, d\u2019une R\u00e9publique de principe et d\u2019une d\u00e9mocratie participative ayant pour r\u00e9f\u00e9rence la D\u00e9claration du 1er Novembre\u00bb, souligne la m\u00eame source. Le RND a pr\u00e9cis\u00e9 que cette d\u00e9marche intervient \u00aben cons\u00e9cration des efforts de l\u2019Arm\u00e9e nationale populaire (ANP) qui n\u2019a de cesse d\u2019appeler \u00e0 l\u2019imp\u00e9ratif d\u2019adopter le moyen du dialogue pour sortir de cette conjoncture et en \u00e9viter les complications\u00bb. La m\u00eame formation politique a estim\u00e9, en outre, que l\u2019annonce de la liste des personnalit\u00e9s nationales \u00abest une amorce pour jeter les ponts de confiance et d\u2019agir positivement avec toute d\u00e9marche devant acc\u00e9l\u00e9rer le retour des institutions de l\u2019Etat \u00e0 leur \u00e9tat naturel, en prenant des mesures rassurantes et en arr\u00eatant un calendrier clair pour parvenir \u00e0 l\u2019institution d\u2019une instance nationale ind\u00e9pendante pour l\u2019organisation des \u00e9lections, en adaptant les lois y aff\u00e9rentes au mieux des nouvelles \u00e9volutions ainsi qu\u2019\u00e0 l\u2019organisation d\u2019une \u00e9lection pr\u00e9sidentielle pour \u00eatre le d\u00e9but d\u2019une nouvelle R\u00e9publique\u00bb.<\/p>\n<p>Auteur: elmoudjahid<br \/>\n<a href=\"http:\/\/www.elmoudjahid.com\/fr\/actualites\/139871\">Cliquez ici pour lire l&rsquo;article depuis sa source.<\/a><\/p>\n","protected":false},"excerpt":{"rendered":"<p>Le parti du Rassemblement national d\u00e9mocratique (RND) a affirm\u00e9, jeudi, que l\u2019annonce de la liste des personnalit\u00e9s nationales appel\u00e9es \u00e0 diriger le dialogue national \u00abse veut une r\u00e9ponse de bonne foi \u00e0 la volont\u00e9 du peuple alg\u00e9rien en faveur du changement et de l\u2019\u00e9dification d\u2019un Etat fort\u00bb.\u00abLe RND a accueilli favorablement l\u2019annonce par le chef [&hellip;]<\/p>\n","protected":false},"author":1744,"featured_media":0,"comment_status":"closed","ping_status":"closed","sticky":false,"template":"","format":"standard","meta":{"fifu_image_url":"","fifu_image_alt":"","footnotes":""},"categories":[73,53],"tags":[],"class_list":["post-49045","post","type-post","status-publish","format-standard","hentry","category-actualite","category-algerie"],"_links":{"self":[{"href":"https:\/\/linitiative.ca\/International\/wp-json\/wp\/v2\/posts\/49045","targetHints":{"allow":["GET"]}}],"collection":[{"href":"https:\/\/linitiative.ca\/International\/wp-json\/wp\/v2\/posts"}],"about":[{"href":"https:\/\/linitiative.ca\/International\/wp-json\/wp\/v2\/types\/post"}],"author":[{"embeddable":true,"href":"https:\/\/linitiative.ca\/International\/wp-json\/wp\/v2\/users\/1744"}],"replies":[{"embeddable":true,"href":"https:\/\/linitiative.ca\/International\/wp-json\/wp\/v2\/comments?post=49045"}],"version-history":[{"count":0,"href":"https:\/\/linitiative.ca\/International\/wp-json\/wp\/v2\/posts\/49045\/revisions"}],"wp:attachment":[{"href":"https:\/\/linitiative.ca\/International\/wp-json\/wp\/v2\/media?parent=49045"}],"wp:term":[{"taxonomy":"category","embeddable":true,"href":"https:\/\/linitiative.ca\/International\/wp-json\/wp\/v2\/categories?post=49045"},{"taxonomy":"post_tag","embeddable":true,"href":"https:\/\/linitiative.ca\/International\/wp-json\/wp\/v2\/tags?post=49045"}],"curies":[{"name":"wp","href":"https:\/\/api.w.org\/{rel}","templated":true}]}}