{"id":49046,"date":"2019-07-27T20:00:00","date_gmt":"2019-07-28T00:00:00","guid":{"rendered":"https:\/\/linitiative.ca\/International\/dialogue-et-presidentielle-un-programme-ambitieux\/"},"modified":"2019-07-27T20:00:00","modified_gmt":"2019-07-28T00:00:00","slug":"dialogue-et-presidentielle-un-programme-ambitieux","status":"publish","type":"post","link":"https:\/\/linitiative.ca\/International\/dialogue-et-presidentielle-un-programme-ambitieux\/","title":{"rendered":"Dialogue et pr\u00e9sidentielle  : Un programme ambitieux"},"content":{"rendered":"<p><strong>Les initiatives politiques diverses et multiples lanc\u00e9es sur la sc\u00e8ne politique dans le but de trouver\u00a0 des solutions \u00e0 la crise que traverse le pays ont abouti \u00e0 un consensus sur la n\u00e9cessit\u00e9 de lancer un dialogue s\u00e9rieux pour aboutir \u00e0 l\u2019organisation d\u2019une pr\u00e9sidentielle dans les plus brefs d\u00e9lais.<\/strong><\/p>\n<p>Cet imp\u00e9ratif n\u2019est pas partag\u00e9 par tous les acteurs car une autre feuille de route pr\u00f4ne une p\u00e9riode de transition ce qui aura pour cons\u00e9quence de retarder l\u2019\u00e9ch\u00e9ance de r\u00e8glement de la crise. Mais cela n\u2019a pas emp\u00each\u00e9 plusieurs partis de se d\u00e9clarer favorables au dialogue apr\u00e8s la d\u00e9signation du panel devant conduire le processus car l\u2019initiative est susceptible de r\u00e9tablir la confiance entre toutes les parties. Le chef de l\u2019Etat, Abdelkader Bensalah n\u2019a eu de cesse de pr\u00f4ner un dialogue qu\u2019il s\u2019est engag\u00e9 \u00e0 en confier la direction \u00e0 des personnalit\u00e9s nationales ind\u00e9pendantes et cr\u00e9dibles, assurant que l\u2019Etat ne sera pas partie prenante. \u00abCe dialogue est urgent, parce que le pays doit recouvrer au plus vite sa normalit\u00e9 politique et institutionnelle\u00bb, a-t-il soulign\u00e9, ajoutant que l\u2019organisation de l\u2019\u00e9lection pr\u00e9sidentielle \u00abreste la seule solution d\u00e9mocratique viable et raisonnable\u00bb. Dans ce cadre, des partis et des organisations de la soci\u00e9t\u00e9 civile ont pris, il y a deux semaines, l\u2019initiative d\u2019organiser des assises du dialogue national, au cours desquelles les participants se sont engag\u00e9s \u00e0 \u00e9laborer une feuille de route \u00abaux contours clairs\u00bb pour r\u00e9gler la crise politique. Celle-ci repose sur une solution s\u2019inscrivant dans le cadre de la Constitution alliant exigences constitutionnelles et solution politique. Suite \u00e0 cette rencontre, les personnalit\u00e9s propos\u00e9es ont \u00e9t\u00e9 re\u00e7ues jeudi par le chef de l\u2019Etat pour r\u00e9pondre aux attentes des acteurs sur la sc\u00e8ne politique qui avaient r\u00e9clam\u00e9 un cadre clair pour ce processus. La plateforme d\u00e9coulant de cette rencontre repose sur une s\u00e9rie de principes, notamment \u00able peuple est la source de tout pouvoir et la souverainet\u00e9 nationale appartient au peuple\u00bb conform\u00e9ment aux articles 7 et 8 de la Constitution, la D\u00e9claration du 1er Novembre 1954 et l\u2019unit\u00e9 nationale est une \u00abconstante sacr\u00e9e\u00bb. Ces assises ont mis l\u2019accent sur le fait que l\u2019\u00e9lection \u00ablibre et r\u00e9guli\u00e8re\u00bb est \u00abl\u2019unique voie pour acc\u00e9der au pouvoir ou s\u2019y maintenir\u00bb.<\/p>\n<p><strong>Ouverture du champ m\u00e9diatique<\/strong><\/p>\n<p>Pour activer le processus de dialogue qui doit \u00eatre ouvert \u00e0 toutes les m\u00e9diations politiques et socio-\u00e9conomiques impliqu\u00e9es et accompagnant le sursaut populaire, les initiateurs ont insist\u00e9 sur la n\u00e9cessit\u00e9 de prendre des mesures \u00e0 m\u00eame de restaurer la confiance et de pr\u00e9parer le terrain au dialogue, notamment par la mise en valeur du Hirak, l\u2019ouverture du champ politique et m\u00e9diatique et le respect des principes d\u2019une justice impartiale et des droits et des libert\u00e9s individuelles et collectives.<br \/>L\u2019appel \u00e0 mettre en place une instance pour mener ce dialogue compos\u00e9e de personnalit\u00e9s nationales \u00abconnues pour leur int\u00e9grit\u00e9, leur cr\u00e9dibilit\u00e9 et leur comp\u00e9tence et faisant l\u2019unanimit\u00e9\u00bb et dont les membres sont choisis \u00abdans un cadre consensuel entre les parties au dialogue en \u00e9cartant les symboles du syst\u00e8me politique corrompu\u00bb a \u00e9t\u00e9 entendu.<br \/>Les 6 personnalit\u00e9s ont \u00e9merg\u00e9 du fait de leur autorit\u00e9 morale ou de leur l\u00e9gitimit\u00e9 politique et le chef de l\u2019Etat avait estim\u00e9 qu\u2019elles \u00e9taient pleinement \u00e9ligibles \u00e0 l\u2019accomplissement de cette mission au service du pays.<br \/>Des garanties sont prises pour assurer la cr\u00e9dibilit\u00e9 du dialogue car les personnalit\u00e9s choisies sont ind\u00e9pendantes, sans affiliation partisane et sans ambition \u00e9lectorale et auront ainsi \u00e0 construire un consensus f\u00e9cond, le plus large possible, de nature \u00e0 permettre la r\u00e9union des conditions appropri\u00e9es pour l\u2019organisation, dans les meilleurs d\u00e9lais, de l\u2019\u00e9lection pr\u00e9sidentielle, seule \u00e0 m\u00eame de permettre au pays d\u2019engager les r\u00e9formes dont il a tant besoin. N\u00e9anmoins, m\u00eame si le consensus n\u2019est pas facile \u00e0 atteindre, rien n\u2019emp\u00eache d\u2019op\u00e9rer des \u00e9changes de points de vue et pourquoi pas tenter de r\u00e9duire le foss\u00e9 qui s\u00e9parent les partis et les personnalit\u00e9s. Certaines d\u2019entre elles ont appel\u00e9 \u00e0 la tenue d\u2019une r\u00e9union et \u00e0 un consensus national pour le 31 ao\u00fbt prochain afin d\u2019\u00e9largir et de g\u00e9n\u00e9raliser un pacte de transition d\u00e9mocratique.<br \/>Ces partis plaident pour la concr\u00e9tisation d\u2019une transition d\u00e9mocratique \u00e0 travers un processus constitutif en tant que pr\u00e9requis garantissant la concr\u00e9tisation des libert\u00e9s fondamentales, l\u2019ind\u00e9pendance de la justice et les droits socio-\u00e9conomique ainsi que la concr\u00e9tisation de l\u2019alternance d\u00e9mocratique sur tous les plans.<br \/>Ces parties consid\u00e8rent aussi que la p\u00e9riode de transition est \u00abn\u00e9cessaire pour cr\u00e9er un climat politique institutionnel sans laquelle toute tentative de rupture serait vou\u00e9e \u00e0 l\u2019\u00e9chec\u00bb.<br \/>A. M.<\/p>\n<p>Auteur: elmoudjahid<br \/>\n<a href=\"http:\/\/www.elmoudjahid.com\/fr\/actualites\/139872\">Cliquez ici pour lire l&rsquo;article depuis sa source.<\/a><\/p>\n","protected":false},"excerpt":{"rendered":"<p>Les initiatives politiques diverses et multiples lanc\u00e9es sur la sc\u00e8ne politique dans le but de trouver\u00a0 des solutions \u00e0 la crise que traverse le pays ont abouti \u00e0 un consensus sur la n\u00e9cessit\u00e9 de lancer un dialogue s\u00e9rieux pour aboutir \u00e0 l\u2019organisation d\u2019une pr\u00e9sidentielle dans les plus brefs d\u00e9lais. Cet imp\u00e9ratif n\u2019est pas partag\u00e9 par [&hellip;]<\/p>\n","protected":false},"author":1744,"featured_media":0,"comment_status":"closed","ping_status":"closed","sticky":false,"template":"","format":"standard","meta":{"fifu_image_url":"","fifu_image_alt":"","footnotes":""},"categories":[73,53],"tags":[],"class_list":["post-49046","post","type-post","status-publish","format-standard","hentry","category-actualite","category-algerie"],"_links":{"self":[{"href":"https:\/\/linitiative.ca\/International\/wp-json\/wp\/v2\/posts\/49046","targetHints":{"allow":["GET"]}}],"collection":[{"href":"https:\/\/linitiative.ca\/International\/wp-json\/wp\/v2\/posts"}],"about":[{"href":"https:\/\/linitiative.ca\/International\/wp-json\/wp\/v2\/types\/post"}],"author":[{"embeddable":true,"href":"https:\/\/linitiative.ca\/International\/wp-json\/wp\/v2\/users\/1744"}],"replies":[{"embeddable":true,"href":"https:\/\/linitiative.ca\/International\/wp-json\/wp\/v2\/comments?post=49046"}],"version-history":[{"count":0,"href":"https:\/\/linitiative.ca\/International\/wp-json\/wp\/v2\/posts\/49046\/revisions"}],"wp:attachment":[{"href":"https:\/\/linitiative.ca\/International\/wp-json\/wp\/v2\/media?parent=49046"}],"wp:term":[{"taxonomy":"category","embeddable":true,"href":"https:\/\/linitiative.ca\/International\/wp-json\/wp\/v2\/categories?post=49046"},{"taxonomy":"post_tag","embeddable":true,"href":"https:\/\/linitiative.ca\/International\/wp-json\/wp\/v2\/tags?post=49046"}],"curies":[{"name":"wp","href":"https:\/\/api.w.org\/{rel}","templated":true}]}}