{"id":49047,"date":"2019-07-27T20:00:00","date_gmt":"2019-07-28T00:00:00","guid":{"rendered":"https:\/\/linitiative.ca\/International\/front-el-moustaqbal-le-dialogue-pour-assurer-le-denouement-de-la-crise-politique\/"},"modified":"2019-07-27T20:00:00","modified_gmt":"2019-07-28T00:00:00","slug":"front-el-moustaqbal-le-dialogue-pour-assurer-le-denouement-de-la-crise-politique","status":"publish","type":"post","link":"https:\/\/linitiative.ca\/International\/front-el-moustaqbal-le-dialogue-pour-assurer-le-denouement-de-la-crise-politique\/","title":{"rendered":"Front El Moustaqbal  :  Le dialogue pour assurer le d\u00e9nouement  de la crise politique"},"content":{"rendered":"<p>Le pr\u00e9sident du Front El Moustaqbal, Abdelaziz Bela\u00efd, a affirm\u00e9 hier \u00e0 A\u00efn Defla, que le dialogue constituait l\u2019unique moyen susceptible d\u2019assurer le d\u00e9nouement de la crise politique dans laquelle se d\u00e9bat le pays, appelant \u00ab\u00e0 mettre l\u2019Alg\u00e9rie au-dessus de tout autre consid\u00e9ration\u00bb. \u00abSans un dialogue responsable, empreint de s\u00e9r\u00e9nit\u00e9 et qui mettrait l\u2019Alg\u00e9rie au-dessus de tout autre consid\u00e9ration, la sorite de la crise dans laquelle se d\u00e9bat le pays ne pourra qu\u2019\u00eatre diff\u00e9r\u00e9e\u00bb, a indiqu\u00e9 M. B\u00e9la\u00efd qui intervenait dans le cadre d\u2019une rencontre r\u00e9gionale des militants de son parti abrit\u00e9e par la maison de la Culture Emir Abdelkader de A\u00efn Defla.<br \/>Tout en soutenant que \u00abprendre part au dialogue, c\u2019est faire preuve de sagesse\u00bb, il a fait remarquer que l\u2019\u00e9tude exhaustive de l\u2019histoire permet de dire, \u00absans risques de se tromper\u00bb, que les r\u00e9volutions et les crises v\u00e9cues par l\u2019humanit\u00e9 se sont toutes achev\u00e9es par le dialogue. Il a toutefois soulign\u00e9 que le dialogue recherch\u00e9 ne doit pas \u00eatre motiv\u00e9 par les dividendes qui pourrait en \u00eatre tir\u00e9 mais par le souci de rassembler et de f\u00e9d\u00e9rer.<br \/>Evoquant la commission charg\u00e9e de mener le dialogue en perspective des prochaines \u00e9lections pr\u00e9sidentielles, il a signal\u00e9 que d\u00e8s lors que cette derni\u00e8re aspire \u00e0 mettre en place les passerelles de dialogue et de concertation, son parti ne peut que l\u2019encourager dans sa mission, appelant \u00e0 bannir les pr\u00e9jug\u00e9s des d\u00e9faitistes et de ceux pour lesquels la crise est une \u00abfatalit\u00e9\u00bb. \u00abD\u2019aucuns pensent qu\u2019ils vont dialoguer avec cette commission alors qu\u2019en v\u00e9rit\u00e9, il n\u2019appartient pas \u00e0 cette derni\u00e8re de trouver des solutions \u00e0 la crise mais tenter de nouer les passerelles du dialogue entre les partis politiques et les repr\u00e9sentants de la soci\u00e9t\u00e9 civile\u00bb, a-t-il not\u00e9. Pour une plus grande efficience du travail de cette commission, il a estim\u00e9 \u00abvital\u00bb la lutte contre les pr\u00e9jug\u00e9s, estimant que le dialogue peut \u00eatre fructueux m\u00eame avec ceux avec lesquels on ne partage pas les m\u00eames convictions. Pour lui, la conjoncture que vit le pays est une opportunit\u00e9 pour les v\u00e9ritables nationalistes de se mettre en \u00e9vidence et de contribuer au d\u00e9nouement \u00e0 la crise, mettant en exergue le r\u00f4le susceptible d\u2019\u00eatre jou\u00e9 par la soci\u00e9t\u00e9 civile. S\u2019attardant sur le hirak, il a soutenu que la sensation d\u2019\u00eatre humili\u00e9 constitue l\u2019\u00e9l\u00e9ment principal l\u2019ayant d\u00e9clench\u00e9, d\u00e9plorant qu\u2019au lieu d\u2019insister sur la cr\u00e9ation d\u2019une commission nationale charg\u00e9e de la pr\u00e9paration des \u00e9lections pr\u00e9sidentielles, les manifestants ont focalis\u00e9 leur attention sur \u00abla n\u00e9cessit\u00e9 du d\u00e9part des \u20182B\u2019\u00bb.<br \/>\u00abSi cette commission avait \u00e9t\u00e9 install\u00e9e, les \u00e9lections pr\u00e9sidentielles se seraient tenus et les 2 B seraient partis par la force des choses\u00bb, a-t-il estim\u00e9, regrettant que \u00abbeaucoup de temps ait \u00e9t\u00e9 perdu\u00bb. Evoquant l\u2019ANP, il d\u00e9plor\u00e9 les attaques dont fait l\u2019objet l\u2019institution militaire, notant que \u00abl\u2019arm\u00e9e est la seule institution qui est rest\u00e9e debout\u00bb. \u00abS\u2019il est connu que l\u2019ALN a lib\u00e9r\u00e9 le pays du joug du colonialisme, l\u2019ANP l\u2019a lib\u00e9r\u00e9 de l\u2019emprise du gang d\u00e9vastateur lequel en a pill\u00e9 les richesses\u00bb, a-t-il assur\u00e9, soutenu que le pays est cibl\u00e9 aussi bien par des parties internes qu\u2019\u00e9trang\u00e8res.<br \/>Parlant de la sc\u00e8ne politique, il a not\u00e9 qu\u2019\u00e0 l\u2019inverse des ex-partis de la coalition, non encore remis du choc provoqu\u00e9 par la chute de l\u2019ancien pr\u00e9sident, les partis politiques de l\u2019opposition \u00abs\u2019entred\u00e9chirent\u00bb en raison d\u2019une guerre de leadership, \u00abchacun pensant d\u00e9tenir la v\u00e9rit\u00e9 absolue\u00bb. Pour lui, la situation actuelle du pays n\u2019est pas une fatalit\u00e9 et elle peut \u00eatre d\u00e9pass\u00e9e pour peu que les mentalit\u00e9s changent et la za\u00e2ma (un ph\u00e9nom\u00e8ne propre au pays arabes) bannie. Il a, par ailleurs, estim\u00e9 \u00abindispensable\u00bb que le prochain pr\u00e9sident \u00e9lu par le peuple sache que l\u2019\u00e8re de la tyrannie est \u00e0 jamais r\u00e9volue et qu\u2019il est \u00e9troitement surveill\u00e9 par le peuple.<br \/>Selon lui, il est important de ne pas sortir du cadre de la Constitution \u00abne serait-ce que pour perdre sa cr\u00e9dibilit\u00e9 \u00e0 l\u2019\u00e9gard de l\u2019\u00e9tranger\u00bb. \u00abIl ne faut pas \u00eatre grand clerc pour deviner qu\u2019en ces temps d\u2019incertitudes, les investisseurs \u00e9trangers sont peu enclins \u00e0 s\u2019aventurer dans notre pays\u00bb, a-t-il argument\u00e9. Au cours d\u2019un point de presse anim\u00e9 jute apr\u00e8s son intervention, le pr\u00e9sident du Front El Moustaqbal a notamment \u00e9voqu\u00e9 la question inh\u00e9rente au projet visant au remplacement de la langue fran\u00e7aise par l\u2019anglais, observant que son parti encourage l\u2019apprentissage du plus grand nombre de langues \u00e9trang\u00e8res possible, toutes les langues, certes l\u2019anglais les plus grandes recherches, l\u2019aspect \u00e9conomique, pas uniquement ces langues. \u00abIl est clair que l\u2019anglais domine les recherches scientifiques et le mode de l\u2019\u00e9conomie\u00bb, a-t-il toutefois not\u00e9, estimant que le plus important est de ne pas revivre les luttes entre arabophones et francophones v\u00e9cues par le pass\u00e9.<br \/>Evoquant la corruption, il a soulign\u00e9 que depuis sa cr\u00e9ation en 2012, son parti n\u2019a cess\u00e9 d\u2019en d\u00e9noncer les manifestations et les signes ext\u00e9rieurs y renvoyant.<\/p>\n<p>Auteur: elmoudjahid<br \/>\n<a href=\"http:\/\/www.elmoudjahid.com\/fr\/actualites\/139873\">Cliquez ici pour lire l&rsquo;article depuis sa source.<\/a><\/p>\n","protected":false},"excerpt":{"rendered":"<p>Le pr\u00e9sident du Front El Moustaqbal, Abdelaziz Bela\u00efd, a affirm\u00e9 hier \u00e0 A\u00efn Defla, que le dialogue constituait l\u2019unique moyen susceptible d\u2019assurer le d\u00e9nouement de la crise politique dans laquelle se d\u00e9bat le pays, appelant \u00ab\u00e0 mettre l\u2019Alg\u00e9rie au-dessus de tout autre consid\u00e9ration\u00bb. \u00abSans un dialogue responsable, empreint de s\u00e9r\u00e9nit\u00e9 et qui mettrait l\u2019Alg\u00e9rie au-dessus [&hellip;]<\/p>\n","protected":false},"author":1744,"featured_media":0,"comment_status":"closed","ping_status":"closed","sticky":false,"template":"","format":"standard","meta":{"fifu_image_url":"","fifu_image_alt":"","footnotes":""},"categories":[73,53],"tags":[],"class_list":["post-49047","post","type-post","status-publish","format-standard","hentry","category-actualite","category-algerie"],"_links":{"self":[{"href":"https:\/\/linitiative.ca\/International\/wp-json\/wp\/v2\/posts\/49047","targetHints":{"allow":["GET"]}}],"collection":[{"href":"https:\/\/linitiative.ca\/International\/wp-json\/wp\/v2\/posts"}],"about":[{"href":"https:\/\/linitiative.ca\/International\/wp-json\/wp\/v2\/types\/post"}],"author":[{"embeddable":true,"href":"https:\/\/linitiative.ca\/International\/wp-json\/wp\/v2\/users\/1744"}],"replies":[{"embeddable":true,"href":"https:\/\/linitiative.ca\/International\/wp-json\/wp\/v2\/comments?post=49047"}],"version-history":[{"count":0,"href":"https:\/\/linitiative.ca\/International\/wp-json\/wp\/v2\/posts\/49047\/revisions"}],"wp:attachment":[{"href":"https:\/\/linitiative.ca\/International\/wp-json\/wp\/v2\/media?parent=49047"}],"wp:term":[{"taxonomy":"category","embeddable":true,"href":"https:\/\/linitiative.ca\/International\/wp-json\/wp\/v2\/categories?post=49047"},{"taxonomy":"post_tag","embeddable":true,"href":"https:\/\/linitiative.ca\/International\/wp-json\/wp\/v2\/tags?post=49047"}],"curies":[{"name":"wp","href":"https:\/\/api.w.org\/{rel}","templated":true}]}}