{"id":49048,"date":"2019-07-27T20:00:00","date_gmt":"2019-07-28T00:00:00","guid":{"rendered":"https:\/\/linitiative.ca\/International\/dans-lattente-de-la-date-du-scrutin-quelles-attributions-pour-lautorite-independante\/"},"modified":"2019-07-27T20:00:00","modified_gmt":"2019-07-28T00:00:00","slug":"dans-lattente-de-la-date-du-scrutin-quelles-attributions-pour-lautorite-independante","status":"publish","type":"post","link":"https:\/\/linitiative.ca\/International\/dans-lattente-de-la-date-du-scrutin-quelles-attributions-pour-lautorite-independante\/","title":{"rendered":"Dans l\u2019attente de la date du scrutin : Quelles attributions pour l\u2019Autorit\u00e9 ind\u00e9pendante ?"},"content":{"rendered":"<p>La d\u00e9marche la plus s\u00fbre pr\u00e9conis\u00e9e par les pouvoirs publics pour la sortie de la crise politique que connait le pays consiste \u00e0 aller dans les plus brefs d\u00e9lais \u00e0 une \u00e9lection pr\u00e9sidentielle libre et transparente dont les modalit\u00e9s d\u2019organisation feront l\u2019objet d\u2019un large consensus \u00e0 travers un dialogue inclusif. C\u2019est ce \u00e0 quoi s\u2019attellera le panel re\u00e7u jeudi par le chef de l\u2019Etat.<br \/>Il est estim\u00e9 que la mise en place d\u2019une Autorit\u00e9 nationale ind\u00e9pendante charg\u00e9e de l\u2019organisation de l\u2019\u00e9lection sera au centre du processus de dialogue et les participants sont appel\u00e9s \u00e0 arr\u00eater la configuration de cette institution et \u00e0 fixer ses attributions, le nombre et le choix des membres qui devront la composer et ceux qui auront \u00e0 la diriger.<br \/>Elle prendra en charge les pr\u00e9rogatives de l\u2019administration publique en mati\u00e8re d\u2019organisation des \u00e9lections alors que l\u2019Etat est dispos\u00e9 \u00e0 assurer son autonomie financi\u00e8re et de gestion.<br \/>Les participants pourront aussi examiner et prendre toute mesure de nature \u00e0 renforcer la transparence et l\u2019impartialit\u00e9 de l\u2019\u00e9lection comme ils pourront proposer toute mesure visant \u00e0 l\u2019apaisement du climat politique et social.<br \/>Ce sont l\u00e0 des conditions pour tenir le scrutin \u00e0 la date la plus rapproch\u00e9e possible en raison des cons\u00e9quences n\u00e9fastes d\u2019une prolongation de la situation actuelle sur le fonctionnement des institutions, de l\u2019\u00e9conomie ainsi que sur l\u2019image que se font les partenaires \u00e9trangers du pays.<br \/>La m\u00eame date devra \u00eatre fix\u00e9e dans le cadre du processus de dialogue car ce sera l\u2019un des \u00e9l\u00e9ments conduisant \u00e0 un processus permettant de r\u00e9tablir la confiance des citoyens en leur Etat et institutions en confiant, notamment l\u2019organisation du processus de concertation \u00e0 des personnalit\u00e9s cr\u00e9dibles, ind\u00e9pendantes, accept\u00e9es par le plus grand nombre.<br \/>L\u2019option d\u2019une p\u00e9riode de transition a \u00e9t\u00e9 rejet\u00e9 elle implique la mise entre parenth\u00e8ses des institutions constitutionnelles en place pour leur substituer des entit\u00e9s autoproclam\u00e9es qui agiraient en dehors de tout cadre juridique et institutionnel. Il est donc inutile de vouloir rouvrir le d\u00e9bat sur ces questions dans un contexte de vuln\u00e9rabilit\u00e9 car ce serait courir le risque de fragiliser la coh\u00e9sion sociale et de porter atteinte \u00e0 l\u2019unit\u00e9 du peuple et \u00e0 la s\u00e9curit\u00e9 du pays d\u2019autant plus que cette option est de nature \u00e0 faire perdurer la crise.<br \/>D\u2019ailleurs, c\u2019est m\u00eame contraire \u00e0 ce que les citoyens d\u00e9sirent car ils sont conscients des enjeux de la prochaine \u00e9lection et de son caract\u00e8re d\u00e9terminant pour l\u2019avenir du pays du fait qu\u2019elle constitue l\u2019amorce d\u2019un processus de r\u00e9novation institutionnelle et politique qui sera engag\u00e9 par le pr\u00e9sident \u00e9lu.<br \/>A ce titre, l\u2019offre politique qui a \u00e9t\u00e9 propos\u00e9e par le chef de l\u2019Etat rev\u00eat un caract\u00e8re de s\u00e9rieux et de cr\u00e9dibilit\u00e9 comme elle contient la solution permettant au pays de d\u00e9passer la situation actuelle. Toutes ces mesures actuelles ou projet\u00e9es sont de nature \u00e0 d\u00e9montrer que l\u2019Etat, dans sa composante saine patriotique et p\u00e9renne, qui est l\u2019\u00e9manation et le prolongement du peuple, a entendu le message des Alg\u00e9riens d\u00e9termin\u00e9s \u00e0 aller de l\u2019avant pour r\u00e9aliser le changement.<br \/>L\u2019offre formul\u00e9e ne sera viable qu\u2019avec une pleine participation politique et citoyenne indispensable \u00e0 la r\u00e9ussite de toute \u00e9lection en particulier celle d\u2019un pr\u00e9sident de la R\u00e9publique qui aura la lourde t\u00e2che de prendre les r\u00eanes de la nation et d\u2019engager le changement et les r\u00e9forme souhait\u00e9s.<br \/>En outre, le succ\u00e8s de toute comp\u00e9tition \u00e9lectorale d\u00e9pend du niveau de mobilisation des forces politiques, de la cr\u00e9dibilit\u00e9 des programmes et des candidats et c\u2019est pour cette raison que le chef de l\u2019Etat n\u2019a cess\u00e9 des appels \u00e0 la mobilisation autour de cet objectif.<br \/>Sami Ka\u00efdi<\/p>\n<p>Auteur: elmoudjahid<br \/>\n<a href=\"http:\/\/www.elmoudjahid.com\/fr\/actualites\/139874\">Cliquez ici pour lire l&rsquo;article depuis sa source.<\/a><\/p>\n","protected":false},"excerpt":{"rendered":"<p>La d\u00e9marche la plus s\u00fbre pr\u00e9conis\u00e9e par les pouvoirs publics pour la sortie de la crise politique que connait le pays consiste \u00e0 aller dans les plus brefs d\u00e9lais \u00e0 une \u00e9lection pr\u00e9sidentielle libre et transparente dont les modalit\u00e9s d\u2019organisation feront l\u2019objet d\u2019un large consensus \u00e0 travers un dialogue inclusif. C\u2019est ce \u00e0 quoi s\u2019attellera [&hellip;]<\/p>\n","protected":false},"author":1744,"featured_media":0,"comment_status":"closed","ping_status":"closed","sticky":false,"template":"","format":"standard","meta":{"fifu_image_url":"","fifu_image_alt":"","footnotes":""},"categories":[73,53],"tags":[],"class_list":["post-49048","post","type-post","status-publish","format-standard","hentry","category-actualite","category-algerie"],"_links":{"self":[{"href":"https:\/\/linitiative.ca\/International\/wp-json\/wp\/v2\/posts\/49048","targetHints":{"allow":["GET"]}}],"collection":[{"href":"https:\/\/linitiative.ca\/International\/wp-json\/wp\/v2\/posts"}],"about":[{"href":"https:\/\/linitiative.ca\/International\/wp-json\/wp\/v2\/types\/post"}],"author":[{"embeddable":true,"href":"https:\/\/linitiative.ca\/International\/wp-json\/wp\/v2\/users\/1744"}],"replies":[{"embeddable":true,"href":"https:\/\/linitiative.ca\/International\/wp-json\/wp\/v2\/comments?post=49048"}],"version-history":[{"count":0,"href":"https:\/\/linitiative.ca\/International\/wp-json\/wp\/v2\/posts\/49048\/revisions"}],"wp:attachment":[{"href":"https:\/\/linitiative.ca\/International\/wp-json\/wp\/v2\/media?parent=49048"}],"wp:term":[{"taxonomy":"category","embeddable":true,"href":"https:\/\/linitiative.ca\/International\/wp-json\/wp\/v2\/categories?post=49048"},{"taxonomy":"post_tag","embeddable":true,"href":"https:\/\/linitiative.ca\/International\/wp-json\/wp\/v2\/tags?post=49048"}],"curies":[{"name":"wp","href":"https:\/\/api.w.org\/{rel}","templated":true}]}}