{"id":49049,"date":"2019-07-27T20:00:00","date_gmt":"2019-07-28T00:00:00","guid":{"rendered":"https:\/\/linitiative.ca\/International\/dialogue-national-retablir-la-confiance\/"},"modified":"2019-07-27T20:00:00","modified_gmt":"2019-07-28T00:00:00","slug":"dialogue-national-retablir-la-confiance","status":"publish","type":"post","link":"https:\/\/linitiative.ca\/International\/dialogue-national-retablir-la-confiance\/","title":{"rendered":"Dialogue national :  R\u00e9tablir la confiance"},"content":{"rendered":"<p><strong>Le panel des personnalit\u00e9s appel\u00e9 \u00e0 faciliter le dialogue en vue d\u2019obtenir le \u00abconsensus le plus large possible\u00bb\u00a0 sur les conditions et modalit\u00e9s d\u2019organisation de l\u2019\u00e9lection pr\u00e9sidentielle tiendra, aujourd\u2019hui \u00e0 Alger, sa premi\u00e8re r\u00e9union, a-t-on appris de sources proches du panel.<\/strong><\/p>\n<p>Compos\u00e9 de six personnalit\u00e9s, MM. Karim Youn\u00e8s, Lalmas Sma\u00efl, Lazhari Bouzid, Abdelwahab Bendjelloul, Bena\u00efssa Azzedine et Mme Fatiha Benabbou, le panel devrait consacrer sa premi\u00e8re r\u00e9union \u00e0 la discussion de son r\u00e8glement int\u00e9rieur et son plan d\u2019action pour la conduite du dialogue national inclusif. Jeudi dernier, les six personnalit\u00e9s ont \u00e9t\u00e9 re\u00e7ues par le chef de l\u2019Etat, Abdelkader Bensalah. Lors de cette rencontre, les six personnalit\u00e9s ont insist\u00e9 sur l\u2019imp\u00e9ratif pour l\u2019Etat de prendre des mesures d\u2019apaisement de nature \u00e0 r\u00e9tablir la confiance et \u00e0 favoriser la cr\u00e9ation d\u2019un climat de dialogue sinc\u00e8re. Ils ont cit\u00e9, \u00e0 ce titre, plusieurs mesures dont \u00abla lib\u00e9ration de tous les d\u00e9tenus du Hirak\u00bb, \u00abla lev\u00e9e de toutes les formes de pression sur les m\u00e9dias\u00bb, et \u00abla garantie de toutes les conditions et les facilitations \u00e0 m\u00eame de permettre aux citoyens d\u2019exercer leurs droits constitutionnels dans les manifestations et les rassemblements pacifiques\u00bb. Conscient de \u00abl\u2019ampleur du blocage politique que vit le pays actuellement\u00bb, le panel a affirm\u00e9 que le dialogue national \u00e9tait \u00able seul moyen \u00e0 m\u00eame de garantir une issue pacifique \u00e0 la hauteur des aspirations des Alg\u00e9riens et Alg\u00e9riennes\u00bb. Toutefois, les six personnalit\u00e9s ont tenu \u00e0 pr\u00e9ciser qu\u2019elles ne sont \u00abpas des repr\u00e9sentants\u00bb du mouvement populaire, \u00abni ses porte-paroles\u00bb. \u00abNous insistons sur le fait que nous ne sommes pas des repr\u00e9sentants du Hirak, ni ses porte-paroles\u00bb, a soulign\u00e9 l\u2019ancien pr\u00e9sident de l\u2019Assembl\u00e9e populaire nationale (APN) dans une d\u00e9claration \u00e0 la presse, \u00e0 l\u2019issue de la rencontre avec M. Bensalah. Pour sa part, le chef de l\u2019Etat a exprim\u00e9 sa \u00abdisponibilit\u00e9\u00bb \u00e0 \u0153uvrer pour r\u00e9pondre favorablement aux conditions pos\u00e9es par les six personnalit\u00e9s. Bensalah s\u2019est dit, en effet, \u00abpr\u00eat\u00bb \u00e0 \u00abinviter la justice \u00e0 examiner la possibilit\u00e9 d\u2019\u00e9largissement des personnes dont l\u2019interpellation s\u2019est faite en lien avec le d\u00e9roulement des marches populaires\u00bb. Le chef de l\u2019Etat compte \u00e9galement \u00abenvisager l\u2019all\u00e8gement du dispositif mis en place par les services de s\u00e9curit\u00e9, pour garantir la libert\u00e9 de circulation d\u00e8s lors que cet all\u00e8gement ne porte pas pr\u00e9judice \u00e0 l\u2019imp\u00e9ratif de pr\u00e9server l\u2019ordre public, et la protection des personnes et des biens lors des marches populaires\u00bb. Il s\u2019est engag\u00e9, en outre, \u00e0 \u00abfaciliter l\u2019acc\u00e8s aux m\u00e9dias publics \u00e0 toutes les opinions, \u00e0 travers l\u2019organisation de d\u00e9bats contradictoires et ouverts \u00e0 toutes les expressions politiques\u00bb.<br \/>\u00a0<\/p>\n<p>Auteur: elmoudjahid<br \/>\n<a href=\"http:\/\/www.elmoudjahid.com\/fr\/actualites\/139875\">Cliquez ici pour lire l&rsquo;article depuis sa source.<\/a><\/p>\n","protected":false},"excerpt":{"rendered":"<p>Le panel des personnalit\u00e9s appel\u00e9 \u00e0 faciliter le dialogue en vue d\u2019obtenir le \u00abconsensus le plus large possible\u00bb\u00a0 sur les conditions et modalit\u00e9s d\u2019organisation de l\u2019\u00e9lection pr\u00e9sidentielle tiendra, aujourd\u2019hui \u00e0 Alger, sa premi\u00e8re r\u00e9union, a-t-on appris de sources proches du panel. Compos\u00e9 de six personnalit\u00e9s, MM. Karim Youn\u00e8s, Lalmas Sma\u00efl, Lazhari Bouzid, Abdelwahab Bendjelloul, Bena\u00efssa [&hellip;]<\/p>\n","protected":false},"author":1744,"featured_media":0,"comment_status":"closed","ping_status":"closed","sticky":false,"template":"","format":"standard","meta":{"fifu_image_url":"","fifu_image_alt":"","footnotes":""},"categories":[73,53],"tags":[],"class_list":["post-49049","post","type-post","status-publish","format-standard","hentry","category-actualite","category-algerie"],"_links":{"self":[{"href":"https:\/\/linitiative.ca\/International\/wp-json\/wp\/v2\/posts\/49049","targetHints":{"allow":["GET"]}}],"collection":[{"href":"https:\/\/linitiative.ca\/International\/wp-json\/wp\/v2\/posts"}],"about":[{"href":"https:\/\/linitiative.ca\/International\/wp-json\/wp\/v2\/types\/post"}],"author":[{"embeddable":true,"href":"https:\/\/linitiative.ca\/International\/wp-json\/wp\/v2\/users\/1744"}],"replies":[{"embeddable":true,"href":"https:\/\/linitiative.ca\/International\/wp-json\/wp\/v2\/comments?post=49049"}],"version-history":[{"count":0,"href":"https:\/\/linitiative.ca\/International\/wp-json\/wp\/v2\/posts\/49049\/revisions"}],"wp:attachment":[{"href":"https:\/\/linitiative.ca\/International\/wp-json\/wp\/v2\/media?parent=49049"}],"wp:term":[{"taxonomy":"category","embeddable":true,"href":"https:\/\/linitiative.ca\/International\/wp-json\/wp\/v2\/categories?post=49049"},{"taxonomy":"post_tag","embeddable":true,"href":"https:\/\/linitiative.ca\/International\/wp-json\/wp\/v2\/tags?post=49049"}],"curies":[{"name":"wp","href":"https:\/\/api.w.org\/{rel}","templated":true}]}}