{"id":49050,"date":"2019-07-27T20:00:00","date_gmt":"2019-07-28T00:00:00","guid":{"rendered":"https:\/\/linitiative.ca\/International\/situation-politique-pour-le-succes-du-dialogue\/"},"modified":"2019-07-27T20:00:00","modified_gmt":"2019-07-28T00:00:00","slug":"situation-politique-pour-le-succes-du-dialogue","status":"publish","type":"post","link":"https:\/\/linitiative.ca\/International\/situation-politique-pour-le-succes-du-dialogue\/","title":{"rendered":"Situation politique  :  Pour le succ\u00e8s du dialogue"},"content":{"rendered":"<p>Est-ce l\u2019heure du d\u00e9nouement d\u2019une crise politique in\u00e9dite qu\u2019a connu le pays depuis le recouvrement de son ind\u00e9pendance ? L\u2019on est bien tent\u00e9 de r\u00e9pondre par l\u2019affirmative eu \u00e9gard \u00e0 l\u2019\u00e9volution tr\u00e8s nette enregistr\u00e9e en mati\u00e8re de volont\u00e9 manifeste d\u2019aller vers un dialogue d\u00e9finissant les m\u00e9canismes idoines consacrant l\u2019av\u00e8nement d\u2019un syst\u00e8me de repr\u00e9sentation totalement aux antipodes de celui en vigueur deux d\u00e9cennies durant. Un nouveau syst\u00e8me en parfaite ad\u00e9quation avec les revendications l\u00e9gitimes exprim\u00e9es pacifiquement par tout un peuple qui a battu le pav\u00e9 voil\u00e0 maintenant plus de cinq mois aussi bien sous la pluie que sous une chaleur torride, sans interruption m\u00eame pendant le mois du car\u00eame, et surtout sans l\u00e2cher du lest quant \u00e0 sa d\u00e9termination de b\u00e2tir un Alg\u00e9rie meilleure. Une Alg\u00e9rie fond\u00e9e sur les principes de l\u2019Etat de droit, d\u2019une justice ind\u00e9pendance et dot\u00e9e d\u2019institutions solides bien capables de relever les d\u00e9fis de l\u2019heure et ceux \u00e0 venir. Cette aspiration populaire objet d\u2019un processus de changement enclench\u00e9 depuis la date du 22 f\u00e9vrier a \u00e9merveill\u00e9 le monde autant par son caract\u00e8re pacifique que par le patriotisme de haute facture dont ont fait preuve les Alg\u00e9riens, femmes et hommes, de diff\u00e9rentes cat\u00e9gories d\u2019\u00e2ge. Au moment o\u00f9 nos concitoyens ont investi la rue pour dire non \u00e0 un 5e mandat successif en faveur de l\u2019ex-pr\u00e9sident Bouteflika, aucun d\u2019eux, sans doute, n\u2019avait \u00e0 l\u2019esprit que c\u2019\u00e9tait l\u00e0 le d\u00e9but d\u2019un processus qui allait augurer de profondes mutations. Un processus dans le sillage duquel m\u00eames les t\u00e9nors de l\u2019ancien r\u00e9gime que l\u2019on disait bien \u00abind\u00e9tr\u00f4nables\u00bb allaient chuter du haut de leur tour d\u2019ivoire pour se retrouver, aujourd\u2019hui derri\u00e8re les barreaux en raison de leur implication dans des affaires de corruption et de dilapidation de deniers publics et autres faits et m\u00e9faits \u00e0 caract\u00e8re p\u00e9nal ayant d\u00e9montr\u00e9 l\u2019ampleur de la pr\u00e9dation perp\u00e9tr\u00e9e du temps d\u2019une impunit\u00e9 d\u00e9sormais r\u00e9volue.<\/p>\n<p><strong>\u00a0Une dynamique citoyenne qui ne faiblit pas<\/strong><\/p>\n<p>Le refus massif du 5e mandat, que le concern\u00e9 n\u2019en voulait pas, a conduit \u00e0 l\u2019annulation de l\u2019\u00e9lection pr\u00e9sidentielle pr\u00e9vue le 9 avril, la fin par anticipation du 4e mandat de Bouteflika et l\u2019application de l\u2019article 102 de la Constitution qu\u2019avait pr\u00e9conis\u00e9 le chef d\u2019\u00e9tat-major de l\u2019ANP, le g\u00e9n\u00e9ral de corps d\u2019Arm\u00e9e, M. Ahmed Ga\u00efd Salah \u00e0 titre d\u2019alternative n\u00e9cessaire \u00e0 m\u00eame de garantir la stabilit\u00e9 du pays et d\u2019assurer la continuit\u00e9 des institutions. En vertu de cet article Abdelkader Bensalah a assur\u00e9 depuis la charge de chef de l\u2019Etat tout en s\u2019engageant \u00e0 organiser de nouvelles \u00e9lections pr\u00e9sidentielles dans les d\u00e9lais requis par la loi fondamentale. Le Haut commandement de l\u2019institution militaire avait, entre temps, d\u00e9cid\u00e9 de se ranger du c\u00f4t\u00e9 du peuple promettant de ne m\u00e9nager aucun effort pour satisfaire toutes ses revendications qualifi\u00e9es de l\u00e9gitimes ainsi que de remettre le pourvoir au peuple en se basant toujours sur la Constitution notamment ses deux articles 7 et 8. La dynamique du mouvement citoyen est quant \u00e0 elle omnipr\u00e9sente avec des slogans \u00e0 chaque fois actualis\u00e9s pendant les marches du vendredi et ce, sans se d\u00e9partir pour autant de l\u2019essentiel, \u00e0 savoir un changement radical de syst\u00e8me et le d\u00e9part de tous ses symboles. Les man\u0153uvres entreprises dans l\u2019ombre par ceux qui sont d\u00e9sign\u00e9s par le terme de \u00abIssaba\u00bb (la bande) ont \u00e9t\u00e9 d\u00e9nonc\u00e9es par l\u2019ANP ayant r\u00e9ussi d\u2019ailleurs \u00e0 faire \u00e9chouer les complots visant \u00e0 d\u00e9vier le mouvement citoyen de son cadre pacifique et \u00e0 avorter toutes les tentatives de certains cercles qui voulaient que la situation du pays sombre dans le vide constitutionnel, synonyme de saut dans l\u2019inconnu. Le 9 avril 2019, jour de sa prise de sa fonction, le chef de l\u2019Etat, Abdelkader Bensalah, a proc\u00e9d\u00e9 \u00e0 la signature du d\u00e9cret pr\u00e9sidentiel portant convocation du corps \u00e9lectoral pour la pr\u00e9sidentielle fix\u00e9e au 4 juillet 2019. Quelques jours plus tard, la pr\u00e9sidence de la R\u00e9publique avait adress\u00e9 une s\u00e9rie d\u2019invitations aux chefs de partis et des personnalit\u00e9s pour une rencontre de concertation au sujet justement de la pr\u00e9sidentielle du 4 juillet. Toutefois, la quasi-majorit\u00e9 des formations politiques et les personnalit\u00e9s cr\u00e9dibles n\u2019\u00e9taient pas pr\u00e9sents \u00e0 cette rencontre qu\u2019avait abrit\u00e9 le Palais des Nations, en date du 22 avril, et dont l\u2019ordre du jour avait trait aux m\u00e9canismes de mise en place d\u2019une commission ind\u00e9pendante de surveillance des \u00e9lections. Bref, la pr\u00e9sidentielle du 4 juillet fut annul\u00e9e sur d\u00e9cision du Conseil constitutionnel prononc\u00e9 le 2 juin. Le mouvement citoyen ne faiblit pas et les manifestations pacifiques se poursuivent toujours.<\/p>\n<p><strong>Mesures d\u2019apaisement<\/strong><\/p>\n<p>Les d\u00e9cisions historiques de la justice prises dans le cadre de la lutte contre la corruption occupent le devant de la sc\u00e8ne des jours durant avec la mise en d\u00e9tention de plusieurs ex-hauts responsables du r\u00e9gime d\u00e9chu. Le chef de l\u2019Etat relance l\u2019appel au dialogue inclusif et dans son message adress\u00e9 \u00e0 la Nation \u00e0 la veille du 5 juillet, il annonce que la conduite du dialogue sera confi\u00e9e a un panel de personnalit\u00e9s sans affiliation partisane et sans ambition \u00e9lectorale. C\u2019est l\u00e0 un engagement qui a \u00e9t\u00e9 salu\u00e9, notamment par les partis de l\u2019opposition lors de Forum national du dialogue tenu \u00e0 l\u2019Ecole d\u2019h\u00f4tellerie d\u2019Ain Benian et ayant r\u00e9uni une quinzaine de partis en plus de repr\u00e9sentants de la soci\u00e9t\u00e9 civile. Une liste de 13 personnalit\u00e9s devant assurer la mission de m\u00e9diateurs de dialogue a \u00e9t\u00e9 propos\u00e9e dans un premier temps par le Forum de la soci\u00e9t\u00e9 civile. Un panel de personnalit\u00e9 a \u00e9t\u00e9 re\u00e7u jeudi par le chef de l\u2019Etat au si\u00e8ge de la pr\u00e9sidence. Ce qui constitue une r\u00e9elle avanc\u00e9e en vue de solutionner une crise qui n\u2019a que trop dur\u00e9e et ce, \u00e0 travers la tenue d\u2019une \u00e9lection pr\u00e9sidentielle dans les meilleurs d\u00e9lais.<br \/>Des mesures d\u2019apaisement en rapport notamment avec la lib\u00e9ration des d\u00e9tenus sont toutefois attendues des hautes autorit\u00e9s pour faire valoir cet objectif.<br \/><strong>Karim Aoudia<\/strong><\/p>\n<p>Auteur: elmoudjahid<br \/>\n<a href=\"http:\/\/www.elmoudjahid.com\/fr\/actualites\/139876\">Cliquez ici pour lire l&rsquo;article depuis sa source.<\/a><\/p>\n","protected":false},"excerpt":{"rendered":"<p>Est-ce l\u2019heure du d\u00e9nouement d\u2019une crise politique in\u00e9dite qu\u2019a connu le pays depuis le recouvrement de son ind\u00e9pendance ? L\u2019on est bien tent\u00e9 de r\u00e9pondre par l\u2019affirmative eu \u00e9gard \u00e0 l\u2019\u00e9volution tr\u00e8s nette enregistr\u00e9e en mati\u00e8re de volont\u00e9 manifeste d\u2019aller vers un dialogue d\u00e9finissant les m\u00e9canismes idoines consacrant l\u2019av\u00e8nement d\u2019un syst\u00e8me de repr\u00e9sentation totalement aux [&hellip;]<\/p>\n","protected":false},"author":1744,"featured_media":0,"comment_status":"closed","ping_status":"closed","sticky":false,"template":"","format":"standard","meta":{"fifu_image_url":"","fifu_image_alt":"","footnotes":""},"categories":[73,53],"tags":[],"class_list":["post-49050","post","type-post","status-publish","format-standard","hentry","category-actualite","category-algerie"],"_links":{"self":[{"href":"https:\/\/linitiative.ca\/International\/wp-json\/wp\/v2\/posts\/49050","targetHints":{"allow":["GET"]}}],"collection":[{"href":"https:\/\/linitiative.ca\/International\/wp-json\/wp\/v2\/posts"}],"about":[{"href":"https:\/\/linitiative.ca\/International\/wp-json\/wp\/v2\/types\/post"}],"author":[{"embeddable":true,"href":"https:\/\/linitiative.ca\/International\/wp-json\/wp\/v2\/users\/1744"}],"replies":[{"embeddable":true,"href":"https:\/\/linitiative.ca\/International\/wp-json\/wp\/v2\/comments?post=49050"}],"version-history":[{"count":0,"href":"https:\/\/linitiative.ca\/International\/wp-json\/wp\/v2\/posts\/49050\/revisions"}],"wp:attachment":[{"href":"https:\/\/linitiative.ca\/International\/wp-json\/wp\/v2\/media?parent=49050"}],"wp:term":[{"taxonomy":"category","embeddable":true,"href":"https:\/\/linitiative.ca\/International\/wp-json\/wp\/v2\/categories?post=49050"},{"taxonomy":"post_tag","embeddable":true,"href":"https:\/\/linitiative.ca\/International\/wp-json\/wp\/v2\/tags?post=49050"}],"curies":[{"name":"wp","href":"https:\/\/api.w.org\/{rel}","templated":true}]}}