{"id":49051,"date":"2019-07-27T20:00:00","date_gmt":"2019-07-28T00:00:00","guid":{"rendered":"https:\/\/linitiative.ca\/International\/smail-lalmas-mettre-fin-au-blocage\/"},"modified":"2019-07-27T20:00:00","modified_gmt":"2019-07-28T00:00:00","slug":"smail-lalmas-mettre-fin-au-blocage","status":"publish","type":"post","link":"https:\/\/linitiative.ca\/International\/smail-lalmas-mettre-fin-au-blocage\/","title":{"rendered":"Sma\u00efl Lalmas : Mettre fin au blocage"},"content":{"rendered":"<p>Sma\u00efl Lalmas, membre de la commission du dialogue, assure que le chef de l\u2019\u00c9tat a donn\u00e9 au panel des garanties sur les mesures d\u2019apaisement et affirme que sa participation dans le panel de personnalit\u00e9s charg\u00e9es du dialogue, \u00e9tait subordonn\u00e9e \u00e0 des \u00abconditions\u00bb pour r\u00e9ussir la mission de m\u00e9diation.<br \/>S\u2019exprimant dans un quotidien, l\u2019\u00e9conomiste a expliqu\u00e9 que parmi les conditions pos\u00e9es, avant la rencontre qui s\u2019est tenue jeudi, au si\u00e8ge de la pr\u00e9sidence, en compagnie du chef de l\u2019Etat, Abdelkader Bensalah, il y a\u2009la lib\u00e9ration de tous les d\u00e9tenus du Hirak ; \u2009la lev\u00e9e de toutes les formes de pression sur les m\u00e9dias ainsi que la garantie de toutes les conditions\u2009permettant aux Alg\u00e9riens de manifester pacifiquement.<br \/>Pour ce qui est de la nature du dialogique qu\u2019il pr\u00e9conise avec ce qui sera dor\u00e9navant appel\u00e9 le groupe des six, il a signal\u00e9 que ces derniers ont expliqu\u00e9 au chef de l\u2019Etat que le dialogue se fera prioritairement avec les activistes de la soci\u00e9t\u00e9 civile et les repr\u00e9sentants du\u00a0 Hirak comme mouvement social structur\u00e9, et avec le pouvoir, comme une partie parmi les autres. Lalmas a indiqu\u00e9 que le r\u00f4le du groupe du dialogue ne sera pas une sin\u00e9cure et n\u00e9cessite de d\u00e9ployer des efforts\u00a0 \u00abconsid\u00e9rables\u00bb afin de \u00abfaciliter\u00bb le processus\u00a0 de concertation et de dialogue entre les composantes de la sph\u00e8re politique, entre partis politiques, associations de la soci\u00e9t\u00e9 civile et ce, dans le but, dit-il, de \u00abrapprocher\u00bb les points de vue des diff\u00e9rentes parties, dans la \u00abtransparence\u00bb et la \u00abconcertation\u00bb. La recherche de solutions \u00abconsensuelles\u00bb est ce qui motive toutes les forces et les bonnes volont\u00e9s en vue de \u00abmettre fin\u00bb \u00e0 l\u2019\u00e9tat de blocage politique et l\u2019impasse qui entravent le bon fonctionnement des institutions de l\u2019Etat, ajoute l\u2019\u00e9conomiste qui rappelle les circonstances de l\u2019annulation des \u00e9lections du 4 juillet \u00abrejet\u00e9es par la population\u00bb, avec l\u2019appel de la majorit\u00e9 au dialogue comme unique voie pour trouver des issues plausibles \u00e0 la crise politique du pays. Lalmas a fait savoir que le pouvoir \u00abn\u2019interf\u00e9rera pas\u00bb et\u00a0 n\u2019aura \u00abaucun\u00bb r\u00f4le \u00e0 jouer, sauf \u00e0 pr\u00e9parer les \u00abmeilleures\u00bb conditions pour un dialogue \u00abr\u00e9ussi\u00bb. C\u2019est ce qui s\u2019accorde, faut-il le rappeler, avec ce que Bensalah avait lanc\u00e9 au d\u00e9but du mois en cours lorsqu\u2019il a parl\u00e9 d\u2019un dialogue national inclusif sur la prochaine \u00e9ch\u00e9ance pr\u00e9sidentielle, en assurant que l\u2019Etat, y compris l\u2019institution militaire, ne sera pas partie prenante \u00e0 ce dialogue et observera la plus stricte neutralit\u00e9 tout au long du d\u00e9roulement de ce processus. Bensalah, avait assur\u00e9 que l\u2019Etat \u00abse contentera de mettre tous les moyens mat\u00e9riels et logistiques \u00e0 la disposition du Panel de personnalit\u00e9s, qui d\u00e9cidera lui-m\u00eame des modalit\u00e9s de son fonctionnement\u00bb. L\u2019\u00e9conomiste a expliqu\u00e9 que les priorit\u00e9s du moment \u00abimpliquent un engagement de la part des pouvoirs publics pour satisfaire les exigences du peuple, et r\u00e9pondre aux attentes des jeunes et manifestants\u00bb, et surtout de \u00abrespecter les opinions et positions des participants au processus du dialogue et les d\u00e9cisions et recommandation qui y d\u00e9coulent\u00bb. Il a affirm\u00e9 que le panel entamera des consultations avec les formations politiques et les repr\u00e9sentants de la soci\u00e9t\u00e9 civile.<br \/>Pour Karim Benyoun\u00e8s, le dialogue est \u00able seul moyen \u00e0 m\u00eame de garantir une issue pacifique \u00e0 la hauteur des aspirations des Alg\u00e9riens et Alg\u00e9riennes\u00bb et son but est d\u2019organiser une \u00abpr\u00e9sidentielle libre et transparente dans les plus brefs d\u00e9lais\u2009\u00bb, a-t-il expliqu\u00e9 au nom du panel \u00e0 l\u2019issue de la rencontre de jeudi dernier.<br \/><strong>Tahar Ka\u00efdi<\/strong><br \/>\u00a0<\/p>\n<p>Auteur: elmoudjahid<br \/>\n<a href=\"http:\/\/www.elmoudjahid.com\/fr\/actualites\/139877\">Cliquez ici pour lire l&rsquo;article depuis sa source.<\/a><\/p>\n","protected":false},"excerpt":{"rendered":"<p>Sma\u00efl Lalmas, membre de la commission du dialogue, assure que le chef de l\u2019\u00c9tat a donn\u00e9 au panel des garanties sur les mesures d\u2019apaisement et affirme que sa participation dans le panel de personnalit\u00e9s charg\u00e9es du dialogue, \u00e9tait subordonn\u00e9e \u00e0 des \u00abconditions\u00bb pour r\u00e9ussir la mission de m\u00e9diation.S\u2019exprimant dans un quotidien, l\u2019\u00e9conomiste a expliqu\u00e9 que [&hellip;]<\/p>\n","protected":false},"author":1744,"featured_media":0,"comment_status":"closed","ping_status":"closed","sticky":false,"template":"","format":"standard","meta":{"fifu_image_url":"","fifu_image_alt":"","footnotes":""},"categories":[73,53],"tags":[],"class_list":["post-49051","post","type-post","status-publish","format-standard","hentry","category-actualite","category-algerie"],"_links":{"self":[{"href":"https:\/\/linitiative.ca\/International\/wp-json\/wp\/v2\/posts\/49051","targetHints":{"allow":["GET"]}}],"collection":[{"href":"https:\/\/linitiative.ca\/International\/wp-json\/wp\/v2\/posts"}],"about":[{"href":"https:\/\/linitiative.ca\/International\/wp-json\/wp\/v2\/types\/post"}],"author":[{"embeddable":true,"href":"https:\/\/linitiative.ca\/International\/wp-json\/wp\/v2\/users\/1744"}],"replies":[{"embeddable":true,"href":"https:\/\/linitiative.ca\/International\/wp-json\/wp\/v2\/comments?post=49051"}],"version-history":[{"count":0,"href":"https:\/\/linitiative.ca\/International\/wp-json\/wp\/v2\/posts\/49051\/revisions"}],"wp:attachment":[{"href":"https:\/\/linitiative.ca\/International\/wp-json\/wp\/v2\/media?parent=49051"}],"wp:term":[{"taxonomy":"category","embeddable":true,"href":"https:\/\/linitiative.ca\/International\/wp-json\/wp\/v2\/categories?post=49051"},{"taxonomy":"post_tag","embeddable":true,"href":"https:\/\/linitiative.ca\/International\/wp-json\/wp\/v2\/tags?post=49051"}],"curies":[{"name":"wp","href":"https:\/\/api.w.org\/{rel}","templated":true}]}}