{"id":49052,"date":"2019-07-28T06:40:35","date_gmt":"2019-07-28T10:40:35","guid":{"rendered":"https:\/\/linitiative.ca\/International\/92549-ligue-1-usm-bel-abbes-l-entraineur-slimani-refuse-de-quitter-le-club\/"},"modified":"2019-07-28T06:40:35","modified_gmt":"2019-07-28T10:40:35","slug":"92549-ligue-1-usm-bel-abbes-l-entraineur-slimani-refuse-de-quitter-le-club","status":"publish","type":"post","link":"https:\/\/linitiative.ca\/International\/92549-ligue-1-usm-bel-abbes-l-entraineur-slimani-refuse-de-quitter-le-club\/","title":{"rendered":"Ligue 1\/USM Bel Abb\u00e8s: l\u2019entraineur Slimani refuse de quitter le club"},"content":{"rendered":"<div>\n<div class=\"K2FeedImage\"><img decoding=\"async\" src=\"http:\/\/www.aps.dz\/media\/k2\/items\/cache\/168873276921a54f62843afc88099b3c_S.jpg\" alt=\"Ligue 1\/USM Bel Abb\u00e8s: l\u2019entraineur Slimani refuse de quitter le club\"><\/div>\n<div class=\"K2FeedIntroText\">\n<p><strong>ORAN- L\u2019entraineur Sid Ahmed Slimani, d\u00e9mis de ses fonctions \u00e0 l\u2019USM Bel Abb\u00e8s, refuse de partir, s\u2019appuyant sur le contrat dont il dispose et qui s\u2019\u00e9tale encore jusqu\u2019en juin prochain, a-t-on appris dimanche de la direction de ce club de Ligue 1 de football.<\/strong><\/p>\n<\/div>\n<div class=\"K2FeedFullText\">\n<p>Slimani a m\u00eame dirig\u00e9 la s\u00e9ance d\u2019entrainement de la reprise effectu\u00e9e samedi soir, une s\u00e9ance marqu\u00e9e par des turbulences caus\u00e9es par des supporters venus r\u00e9clamer \u00e0 leur tour le d\u00e9part du coach, a-t-on poursuivi de m\u00eame source, indiquant qu\u2019il a fallu l\u2019intervention du service d\u2019ordre pour calmer les esprits.<\/p>\n<p>Du coup, la direction de l\u2019USMBA se retrouve dans l\u2019embarras, vu que le technicien ne veut pas entendre parler d\u2019une r\u00e9siliation \u00e0 l\u2019amiable de son contrat, estime-t-on dans l\u2019entourage du club.<\/p>\n<p>Le Conseil d\u2019administration de l\u2019USMBA, non satisfait de l\u2019\u00e9volution de l\u2019op\u00e9ration de recrutement effectu\u00e9e par l\u2019entraineur Slimani, a r\u00e9sili\u00e9 samedi le contrat de ce dernier, rappelle-t-on.<\/p>\n<hr>\n<p><a href=\"http:\/\/www.aps.dz\/sport\/89746-ligue-1-mobilis-l-usmba-reussi-la-passe-de-cinq-le-maintien-a-portee-de-main\">Lire aussi :\u00a0Ligue 1 Mobilis: l\u2019USMBA r\u00e9ussi la passe de cinq, le maintien \u00e0 port\u00e9e de main<\/a><\/p>\n<hr>\n<p><em><strong>\u00ab\u00a0Le match amical disput\u00e9 sur le terrain du WA Tlemcen (d\u00e9faite 2-1) jeudi pass\u00e9 a montr\u00e9 que l\u2019effectif mont\u00e9 par l\u2019entraineur Slimani n\u2019est pas \u00e0 la hauteur des esp\u00e9rances\u00a0\u00bb<\/strong><\/em>, avait confi\u00e9 \u00e0 l\u2019APS le directeur g\u00e9n\u00e9ral de l\u2019USMBA, Kaddour Benayad.<\/p>\n<p>La formation de la \u00ab\u00a0Mekerra\u00a0\u00bb, qui a \u00e9vit\u00e9 de justesse la rel\u00e9gation en Ligue 2 la saison pass\u00e9e, a connu cet \u00e9t\u00e9 le d\u00e9part de ses meilleurs joueurs, poussant l\u2019entraineur Slimani \u00e0 effectuer un recrutement tous azimuts.<\/p>\n<p>N\u00e9anmoins, la majorit\u00e9 des joueurs engag\u00e9s n\u2019ont pas fait l\u2019unanimit\u00e9, selon le DG du club, ajoutant que la direction de l\u2019USMBA appr\u00e9hende d\u00e9j\u00e0 la reproduction du sc\u00e9nario de l\u2019exercice pass\u00e9, \u00ab\u00a0d\u2019o\u00f9 son intention d\u2019y intervenir d\u00e8s maintenant\u00a0\u00bb.<\/p>\n<p>Dans les milieux du club, l\u2019on avance le nom de l\u2019actuel directeur technique des cat\u00e9gories jeunes du MC Alger, Mohamed Mekhazni, pour \u00e9ventuellement remplacer Slimani.<\/p>\n<\/div>\n<p><img loading=\"lazy\" decoding=\"async\" src=\"http:\/\/feeds.feedburner.com\/~r\/aps-sport\/~4\/cDKwI7uYPHQ\" height=\"1\" width=\"1\" alt=\"\"><\/div>\n<p>Auteur:<br \/>\n<a href=\"http:\/\/www.aps.dz\/sport\/92549-ligue-1-usm-bel-abbes-l-entraineur-slimani-refuse-de-quitter-le-club?utm_source=feedburner&#038;utm_medium=feed&#038;utm_campaign=Feed%3A+aps-sport+%28APS+-+SPORT%29\">Cliquez ici pour lire l&rsquo;article depuis sa source.<\/a><\/p>\n","protected":false},"excerpt":{"rendered":"<p>ORAN- L\u2019entraineur Sid Ahmed Slimani, d\u00e9mis de ses fonctions \u00e0 l\u2019USM Bel Abb\u00e8s, refuse de partir, s\u2019appuyant sur le contrat dont il dispose et qui s\u2019\u00e9tale encore jusqu\u2019en juin prochain, a-t-on appris dimanche de la direction de ce club de Ligue 1 de football. Slimani a m\u00eame dirig\u00e9 la s\u00e9ance d\u2019entrainement de la reprise effectu\u00e9e [&hellip;]<\/p>\n","protected":false},"author":1790,"featured_media":49053,"comment_status":"closed","ping_status":"closed","sticky":false,"template":"","format":"standard","meta":{"fifu_image_url":"","fifu_image_alt":"","footnotes":""},"categories":[53,75],"tags":[],"class_list":["post-49052","post","type-post","status-publish","format-standard","has-post-thumbnail","hentry","category-algerie","category-sport"],"_links":{"self":[{"href":"https:\/\/linitiative.ca\/International\/wp-json\/wp\/v2\/posts\/49052","targetHints":{"allow":["GET"]}}],"collection":[{"href":"https:\/\/linitiative.ca\/International\/wp-json\/wp\/v2\/posts"}],"about":[{"href":"https:\/\/linitiative.ca\/International\/wp-json\/wp\/v2\/types\/post"}],"author":[{"embeddable":true,"href":"https:\/\/linitiative.ca\/International\/wp-json\/wp\/v2\/users\/1790"}],"replies":[{"embeddable":true,"href":"https:\/\/linitiative.ca\/International\/wp-json\/wp\/v2\/comments?post=49052"}],"version-history":[{"count":0,"href":"https:\/\/linitiative.ca\/International\/wp-json\/wp\/v2\/posts\/49052\/revisions"}],"wp:featuredmedia":[{"embeddable":true,"href":"https:\/\/linitiative.ca\/International\/wp-json\/"}],"wp:attachment":[{"href":"https:\/\/linitiative.ca\/International\/wp-json\/wp\/v2\/media?parent=49052"}],"wp:term":[{"taxonomy":"category","embeddable":true,"href":"https:\/\/linitiative.ca\/International\/wp-json\/wp\/v2\/categories?post=49052"},{"taxonomy":"post_tag","embeddable":true,"href":"https:\/\/linitiative.ca\/International\/wp-json\/wp\/v2\/tags?post=49052"}],"curies":[{"name":"wp","href":"https:\/\/api.w.org\/{rel}","templated":true}]}}