{"id":49056,"date":"2019-07-28T07:57:37","date_gmt":"2019-07-28T11:57:37","guid":{"rendered":"https:\/\/linitiative.ca\/International\/92556-natation-mondial-2019-400m-4-nages-syoud-10e-et-dernier-de-sa-serie\/"},"modified":"2019-07-28T07:57:37","modified_gmt":"2019-07-28T11:57:37","slug":"92556-natation-mondial-2019-400m-4-nages-syoud-10e-et-dernier-de-sa-serie","status":"publish","type":"post","link":"https:\/\/linitiative.ca\/International\/92556-natation-mondial-2019-400m-4-nages-syoud-10e-et-dernier-de-sa-serie\/","title":{"rendered":"Natation\/Mondial 2019 (400m 4 nages): Syoud 10e et dernier de sa s\u00e9rie"},"content":{"rendered":"<div>\n<div class=\"K2FeedImage\"><img decoding=\"async\" src=\"http:\/\/www.aps.dz\/media\/k2\/items\/cache\/223f8462d135ac863801c0c151bf65f2_S.jpg\" alt=\"Natation\/Mondial 2019 (400m 4 nages): Syoud 10e et dernier de sa s\u00e9rie\"><\/div>\n<div class=\"K2FeedIntroText\">\n<p><strong>GWANGJU (Cor\u00e9e du Sud) &#8211; Le nageur alg\u00e9rien Jaouad Syoud s&rsquo;est class\u00e9 en 10e et derni\u00e8re position de sa s\u00e9rie \u00e9liminatoire du 400m 4 nages, disput\u00e9e dimanche \u00e0 Gwangju (Cor\u00e9e du Sud) pour le compte de l&rsquo;ultime journ\u00e9e des Championnats du monde.<\/strong><\/p>\n<\/div>\n<div class=\"K2FeedFullText\">\n<p>Align\u00e9 dans la 3e s\u00e9rie, Syoud a boucl\u00e9 la course en 4:28.65, obtenant le 30e chrono, toutes s\u00e9ries confondues. La s\u00e9rie a \u00e9t\u00e9 remport\u00e9e par le Canadien Tristan Cote en 4:17.22, sans pour autant se qualifier en finale pr\u00e9vue dimanche en soir\u00e9e.<\/p>\n<p>Les huit finalistes se sont qualifi\u00e9s de la 4e s\u00e9rie (3 athl\u00e8tes) et de la 5e (5).<\/p>\n<p>Le 8e et dernier temps qualificatif des cinq s\u00e9ries a \u00e9t\u00e9 r\u00e9alis\u00e9 par l&rsquo;Allemand Philip Heintz (4:15.24), alors que le premier est \u00e0 mettre \u00e0 l&rsquo;actif du Japonais Daiya Seto (4:12.27).<\/p>\n<p>Mercredi, Syoud avait pris part au 200m 4 nages, mais n&rsquo;avait pu se qualifier aux demi-finales, malgr\u00e9 sa premi\u00e8re place dans la 2e s\u00e9rie en 2:01.76, obtenant seulement le 27e temps des six s\u00e9ries.<\/p>\n<p>L&rsquo;Alg\u00e9rie a particip\u00e9 aux Championnats du monde de Gwangju avec trois athl\u00e8tes seulement.<\/p>\n<p>\u00a0<\/p>\n<\/div>\n<p><img loading=\"lazy\" decoding=\"async\" src=\"http:\/\/feeds.feedburner.com\/~r\/aps-sport\/~4\/rFk2mB-CTFk\" height=\"1\" width=\"1\" alt=\"\"><\/div>\n<p>Auteur:<br \/>\n<a href=\"http:\/\/www.aps.dz\/sport\/92556-natation-mondial-2019-400m-4-nages-syoud-10e-et-dernier-de-sa-serie?utm_source=feedburner&#038;utm_medium=feed&#038;utm_campaign=Feed%3A+aps-sport+%28APS+-+SPORT%29\">Cliquez ici pour lire l&rsquo;article depuis sa source.<\/a><\/p>\n","protected":false},"excerpt":{"rendered":"<p>GWANGJU (Cor\u00e9e du Sud) &#8211; Le nageur alg\u00e9rien Jaouad Syoud s&rsquo;est class\u00e9 en 10e et derni\u00e8re position de sa s\u00e9rie \u00e9liminatoire du 400m 4 nages, disput\u00e9e dimanche \u00e0 Gwangju (Cor\u00e9e du Sud) pour le compte de l&rsquo;ultime journ\u00e9e des Championnats du monde. Align\u00e9 dans la 3e s\u00e9rie, Syoud a boucl\u00e9 la course en 4:28.65, obtenant [&hellip;]<\/p>\n","protected":false},"author":1790,"featured_media":49057,"comment_status":"closed","ping_status":"closed","sticky":false,"template":"","format":"standard","meta":{"fifu_image_url":"","fifu_image_alt":"","footnotes":""},"categories":[53,75],"tags":[],"class_list":["post-49056","post","type-post","status-publish","format-standard","has-post-thumbnail","hentry","category-algerie","category-sport"],"_links":{"self":[{"href":"https:\/\/linitiative.ca\/International\/wp-json\/wp\/v2\/posts\/49056","targetHints":{"allow":["GET"]}}],"collection":[{"href":"https:\/\/linitiative.ca\/International\/wp-json\/wp\/v2\/posts"}],"about":[{"href":"https:\/\/linitiative.ca\/International\/wp-json\/wp\/v2\/types\/post"}],"author":[{"embeddable":true,"href":"https:\/\/linitiative.ca\/International\/wp-json\/wp\/v2\/users\/1790"}],"replies":[{"embeddable":true,"href":"https:\/\/linitiative.ca\/International\/wp-json\/wp\/v2\/comments?post=49056"}],"version-history":[{"count":0,"href":"https:\/\/linitiative.ca\/International\/wp-json\/wp\/v2\/posts\/49056\/revisions"}],"wp:featuredmedia":[{"embeddable":true,"href":"https:\/\/linitiative.ca\/International\/wp-json\/"}],"wp:attachment":[{"href":"https:\/\/linitiative.ca\/International\/wp-json\/wp\/v2\/media?parent=49056"}],"wp:term":[{"taxonomy":"category","embeddable":true,"href":"https:\/\/linitiative.ca\/International\/wp-json\/wp\/v2\/categories?post=49056"},{"taxonomy":"post_tag","embeddable":true,"href":"https:\/\/linitiative.ca\/International\/wp-json\/wp\/v2\/tags?post=49056"}],"curies":[{"name":"wp","href":"https:\/\/api.w.org\/{rel}","templated":true}]}}