{"id":49064,"date":"2019-07-28T14:24:00","date_gmt":"2019-07-28T18:24:00","guid":{"rendered":"https:\/\/linitiative.ca\/International\/ressources-en-eau-un-apport-hydrique-supplementaire\/"},"modified":"2019-07-28T14:24:00","modified_gmt":"2019-07-28T18:24:00","slug":"ressources-en-eau-un-apport-hydrique-supplementaire","status":"publish","type":"post","link":"https:\/\/linitiative.ca\/International\/ressources-en-eau-un-apport-hydrique-supplementaire\/","title":{"rendered":"RESSOURCES EN EAU : Un apport hydrique suppl\u00e9mentaire"},"content":{"rendered":"<p><br id=\"sep_para_1\" class=\"sep_para access\"\/><\/p>\n<div id=\"para_1\" class=\"para_32329055 resize\">\n<div class=\"texte access firstletter\">Les habitants des diff\u00e9rentes communes du Dahra-est de la wilaya de Mostaganem seront approvisionn\u00e9s \u00aben eau potable, et 24h\/24, sans interruption\u00bb, a affirm\u00e9 la direction des\u00a0 ressources en eau de la wilaya de Mostaganem \u00e0 notre confr\u00e8re d\u2019El-Watan. Cette importante r\u00e9gion ne conna\u00eetra aucune interruption en approvisionnement en eau potable pendant la saison estivale, notamment au niveau des plages, et cela suite \u00e0 la r\u00e9habilitation de la station de pompage qui produira un suppl\u00e9ment de 18 000m3 d\u2019eau par jour. A cet effet, \u00able syst\u00e8me d\u2019approvisionnement en eau potable sera assur\u00e9 24h\/24 au service du citoyen\u00bb, a pr\u00e9cis\u00e9 la m\u00eame source, qui a ajout\u00e9 que toutes les mesures et proc\u00e9dures ont \u00e9t\u00e9 prises, en coordination avec l\u2019Alg\u00e9rienne des eaux (ADE) dans le but d\u2019\u00e9viter des perturbations. L\u2019op\u00e9ration se poursuivra en vue d\u2019assurer une distribution normale de cette ressource vitale dans la wilaya de Mostaganem avec la production actuelle de ce pr\u00e9cieux liquide estim\u00e9e \u00e0 220 000m3, alors que les vrais besoins sont de l\u2019ordre de 27 000m3 par jour. La m\u00eame source a \u00e9voqu\u00e9, dans ce contexte, que la finalisation des travaux d\u2019am\u00e9nagement et du renouvellement des conduites \u00e0 travers la wilaya de Mostaganem augmenteront le volume et am\u00e9lioreront l\u2019approvisionnement en eau potable vers les diff\u00e9rentes communes de la wilaya de Mostaganem tout en mettant fin aux perturbations.<\/div>\n<\/div>\n<p>Auteur: Ismain<br \/>\n<a href=\"https:\/\/www.reflexiondz.net\/RESSOURCES-EN-EAU-Un-apport-hydrique-supplementaire_a56845.html\">Cliquez ici pour lire l&rsquo;article depuis sa source.<\/a><\/p>\n","protected":false},"excerpt":{"rendered":"<p>Les habitants des diff\u00e9rentes communes du Dahra-est de la wilaya de Mostaganem seront approvisionn\u00e9s \u00aben eau potable, et 24h\/24, sans interruption\u00bb, a affirm\u00e9 la direction des\u00a0 ressources en eau de la wilaya de Mostaganem \u00e0 notre confr\u00e8re d\u2019El-Watan. Cette importante r\u00e9gion ne conna\u00eetra aucune interruption en approvisionnement en eau potable pendant la saison estivale, notamment [&hellip;]<\/p>\n","protected":false},"author":1740,"featured_media":0,"comment_status":"closed","ping_status":"closed","sticky":false,"template":"","format":"standard","meta":{"fifu_image_url":"","fifu_image_alt":"","footnotes":""},"categories":[53,76],"tags":[],"class_list":["post-49064","post","type-post","status-publish","format-standard","hentry","category-algerie","category-regions"],"_links":{"self":[{"href":"https:\/\/linitiative.ca\/International\/wp-json\/wp\/v2\/posts\/49064","targetHints":{"allow":["GET"]}}],"collection":[{"href":"https:\/\/linitiative.ca\/International\/wp-json\/wp\/v2\/posts"}],"about":[{"href":"https:\/\/linitiative.ca\/International\/wp-json\/wp\/v2\/types\/post"}],"author":[{"embeddable":true,"href":"https:\/\/linitiative.ca\/International\/wp-json\/wp\/v2\/users\/1740"}],"replies":[{"embeddable":true,"href":"https:\/\/linitiative.ca\/International\/wp-json\/wp\/v2\/comments?post=49064"}],"version-history":[{"count":0,"href":"https:\/\/linitiative.ca\/International\/wp-json\/wp\/v2\/posts\/49064\/revisions"}],"wp:attachment":[{"href":"https:\/\/linitiative.ca\/International\/wp-json\/wp\/v2\/media?parent=49064"}],"wp:term":[{"taxonomy":"category","embeddable":true,"href":"https:\/\/linitiative.ca\/International\/wp-json\/wp\/v2\/categories?post=49064"},{"taxonomy":"post_tag","embeddable":true,"href":"https:\/\/linitiative.ca\/International\/wp-json\/wp\/v2\/tags?post=49064"}],"curies":[{"name":"wp","href":"https:\/\/api.w.org\/{rel}","templated":true}]}}