{"id":49066,"date":"2019-07-28T14:24:00","date_gmt":"2019-07-28T18:24:00","guid":{"rendered":"https:\/\/linitiative.ca\/International\/mostaganem-les-mendiants-se-renforcent-durant-la-saison-estivale\/"},"modified":"2019-07-28T14:24:00","modified_gmt":"2019-07-28T18:24:00","slug":"mostaganem-les-mendiants-se-renforcent-durant-la-saison-estivale","status":"publish","type":"post","link":"https:\/\/linitiative.ca\/International\/mostaganem-les-mendiants-se-renforcent-durant-la-saison-estivale\/","title":{"rendered":"MOSTAGANEM : Les mendiants se renforcent durant la saison estivale"},"content":{"rendered":"<p><br id=\"sep_para_1\" class=\"sep_para access\"\/><\/p>\n<div id=\"para_1\" class=\"para_32329054 resize\">\n<div class=\"texte access firstletter\">Ils\u00a0 investissent quotidiennement les rues de la ville, et s\u2019accaparent\u00a0 l\u2019entr\u00e9e des mosqu\u00e9es, aux alentours des feux optiques apostrophant les conducteurs des v\u00e9hicules, les terrasses de caf\u00e9s, et restaurants, et m\u00eame les plages pour solliciter l\u2019aum\u00f4ne, en exhibant sans vergogne une ordonnance m\u00e9dicale, o\u00f9 un enfant en bas \u00e2ge pour attiser la compassion des citoyens . Viennent ensuite les enfants dont le nombre est assez\u00a0 effrayant qui parcourent \u00e0 longueur de journ\u00e9e\u00a0 et pendant la nuit, les rues et les commerces pour les m\u00eames motifs. Le ph\u00e9nom\u00e8ne de la mendicit\u00e9 dans la ville de Mostaganem, est en train de prendre des proportions inqui\u00e9tantes, o\u00f9 le moindre commun des mortels peut facilement constater sa recrudescence, notamment durant la saison estivale o\u00f9 les femmes et les enfants renforcent les diff\u00e9rentes franges vuln\u00e9rables\u00a0 handicap\u00e9s visuels et locomoteurs\u00a0 qui \u00e9voluent\u00a0 dans la mendicit\u00e9 en nombre important dans la ville. Le ph\u00e9nom\u00e8ne est beaucoup plus inqui\u00e9tant chez les enfants qui subissent des violences de leurs parents et autres personnes qu\u2019ils leur imposent de r\u00e9colter des sommes d\u2019argent par jour ou par semaine. La principale faute ici incombe aux parents qui confient leurs enfants \u00e0 ces \u00e9nergum\u00e8nes, avec tout ce que cela entraine comme difficult\u00e9s pour joindre les deux bouts. Si ces enfants connaissent toutes les souffrances, cela rel\u00e8ve de la responsabilit\u00e9 parentale. Les enfants nous l\u2019avons constat\u00e9,\u00a0 mendient en bravant tous les dangers. Mais, force est de reconnaitre, que ces enfants\u00a0 sont surtout livr\u00e9s \u00e0 la rue\u00a0 avec tous les risques possibles. Nous avons, en r\u00e9alit\u00e9 constat\u00e9 que ce sont les enfants qui s\u2019activent \u00e0 subvenir aux besoins de leurs parents. Il ya \u00e0 ce niveau une d\u00e9mission des parents dans la prise en charge de leurs enfants. Ici, c\u2019est la question du r\u00f4le pr\u00e9pond\u00e9rant des parents qui est compl\u00e8tement n\u00e9glig\u00e9. Les gens se cachent derri\u00e8re la mis\u00e8re pour faire de la mendicit\u00e9 un m\u00e9tier, voire une exigence.<\/div>\n<\/div>\n<p>Auteur: G Yacine<br \/>\n<a href=\"https:\/\/www.reflexiondz.net\/MOSTAGANEM-Les-mendiants-se-renforcent-durant-la-saison-estivale_a56844.html\">Cliquez ici pour lire l&rsquo;article depuis sa source.<\/a><\/p>\n","protected":false},"excerpt":{"rendered":"<p>Ils\u00a0 investissent quotidiennement les rues de la ville, et s\u2019accaparent\u00a0 l\u2019entr\u00e9e des mosqu\u00e9es, aux alentours des feux optiques apostrophant les conducteurs des v\u00e9hicules, les terrasses de caf\u00e9s, et restaurants, et m\u00eame les plages pour solliciter l\u2019aum\u00f4ne, en exhibant sans vergogne une ordonnance m\u00e9dicale, o\u00f9 un enfant en bas \u00e2ge pour attiser la compassion des citoyens [&hellip;]<\/p>\n","protected":false},"author":1740,"featured_media":0,"comment_status":"closed","ping_status":"closed","sticky":false,"template":"","format":"standard","meta":{"fifu_image_url":"","fifu_image_alt":"","footnotes":""},"categories":[53,76],"tags":[],"class_list":["post-49066","post","type-post","status-publish","format-standard","hentry","category-algerie","category-regions"],"_links":{"self":[{"href":"https:\/\/linitiative.ca\/International\/wp-json\/wp\/v2\/posts\/49066","targetHints":{"allow":["GET"]}}],"collection":[{"href":"https:\/\/linitiative.ca\/International\/wp-json\/wp\/v2\/posts"}],"about":[{"href":"https:\/\/linitiative.ca\/International\/wp-json\/wp\/v2\/types\/post"}],"author":[{"embeddable":true,"href":"https:\/\/linitiative.ca\/International\/wp-json\/wp\/v2\/users\/1740"}],"replies":[{"embeddable":true,"href":"https:\/\/linitiative.ca\/International\/wp-json\/wp\/v2\/comments?post=49066"}],"version-history":[{"count":0,"href":"https:\/\/linitiative.ca\/International\/wp-json\/wp\/v2\/posts\/49066\/revisions"}],"wp:attachment":[{"href":"https:\/\/linitiative.ca\/International\/wp-json\/wp\/v2\/media?parent=49066"}],"wp:term":[{"taxonomy":"category","embeddable":true,"href":"https:\/\/linitiative.ca\/International\/wp-json\/wp\/v2\/categories?post=49066"},{"taxonomy":"post_tag","embeddable":true,"href":"https:\/\/linitiative.ca\/International\/wp-json\/wp\/v2\/tags?post=49066"}],"curies":[{"name":"wp","href":"https:\/\/api.w.org\/{rel}","templated":true}]}}