{"id":49067,"date":"2019-07-28T14:35:00","date_gmt":"2019-07-28T18:35:00","guid":{"rendered":"https:\/\/linitiative.ca\/International\/carnage-routier-a-setif-9-morts-dans-une-collision-entre-un-bus-et-un-camion\/"},"modified":"2019-07-28T14:35:00","modified_gmt":"2019-07-28T18:35:00","slug":"carnage-routier-a-setif-9-morts-dans-une-collision-entre-un-bus-et-un-camion","status":"publish","type":"post","link":"https:\/\/linitiative.ca\/International\/carnage-routier-a-setif-9-morts-dans-une-collision-entre-un-bus-et-un-camion\/","title":{"rendered":"CARNAGE ROUTIER A SETIF  : 9 morts dans une collision entre un bus et un camion"},"content":{"rendered":"<p><br id=\"sep_para_1\" class=\"sep_para access\"\/><\/p>\n<div id=\"para_1\" class=\"para_32329074 resize\">\n<div class=\"texte access firstletter\">C\u2019est une nouvelle trag\u00e9die routi\u00e8re. Au moins neuf (09) personnes ont \u00e9t\u00e9 tu\u00e9es et plusieurs autres bless\u00e9es dans la collision d\u2019un bus de transport de voyageurs de la marque Toyota et un camion poids-lourd, a-t-on\u00a0 appris\u00a0 aupr\u00e8s des services de la protection civile. La collision est survenue sur la Route nationale n\u00b05, au lieu dit Ara\u00efr, dans la commune d\u2019Ouled Saber, wilaya de S\u00e9tif, pr\u00e9cise notre source. Le bilan, encore provisoire, est tr\u00e8s lourd. Au moins 9 personnes ont perdu la vie et plusieurs autres bless\u00e9es. Sur des photos partag\u00e9es sur les r\u00e9seaux sociaux, l\u2019on peut constater la gravit\u00e9 de l\u2019accident, vu l\u2019\u00e9tat du bus qui a \u00e9t\u00e9 compl\u00e8tement\u00a0 endommag\u00e9.<\/div>\n<\/div>\n<p>Auteur: Ismain<br \/>\n<a href=\"https:\/\/www.reflexiondz.net\/CARNAGE-ROUTIER-A-SETIF-9-morts-dans-une-collision-entre-un-bus-et-un-camion_a56856.html\">Cliquez ici pour lire l&rsquo;article depuis sa source.<\/a><\/p>\n","protected":false},"excerpt":{"rendered":"<p>C\u2019est une nouvelle trag\u00e9die routi\u00e8re. Au moins neuf (09) personnes ont \u00e9t\u00e9 tu\u00e9es et plusieurs autres bless\u00e9es dans la collision d\u2019un bus de transport de voyageurs de la marque Toyota et un camion poids-lourd, a-t-on\u00a0 appris\u00a0 aupr\u00e8s des services de la protection civile. La collision est survenue sur la Route nationale n\u00b05, au lieu dit [&hellip;]<\/p>\n","protected":false},"author":1740,"featured_media":0,"comment_status":"closed","ping_status":"closed","sticky":false,"template":"","format":"standard","meta":{"fifu_image_url":"","fifu_image_alt":"","footnotes":""},"categories":[53,76],"tags":[],"class_list":["post-49067","post","type-post","status-publish","format-standard","hentry","category-algerie","category-regions"],"_links":{"self":[{"href":"https:\/\/linitiative.ca\/International\/wp-json\/wp\/v2\/posts\/49067","targetHints":{"allow":["GET"]}}],"collection":[{"href":"https:\/\/linitiative.ca\/International\/wp-json\/wp\/v2\/posts"}],"about":[{"href":"https:\/\/linitiative.ca\/International\/wp-json\/wp\/v2\/types\/post"}],"author":[{"embeddable":true,"href":"https:\/\/linitiative.ca\/International\/wp-json\/wp\/v2\/users\/1740"}],"replies":[{"embeddable":true,"href":"https:\/\/linitiative.ca\/International\/wp-json\/wp\/v2\/comments?post=49067"}],"version-history":[{"count":0,"href":"https:\/\/linitiative.ca\/International\/wp-json\/wp\/v2\/posts\/49067\/revisions"}],"wp:attachment":[{"href":"https:\/\/linitiative.ca\/International\/wp-json\/wp\/v2\/media?parent=49067"}],"wp:term":[{"taxonomy":"category","embeddable":true,"href":"https:\/\/linitiative.ca\/International\/wp-json\/wp\/v2\/categories?post=49067"},{"taxonomy":"post_tag","embeddable":true,"href":"https:\/\/linitiative.ca\/International\/wp-json\/wp\/v2\/tags?post=49067"}],"curies":[{"name":"wp","href":"https:\/\/api.w.org\/{rel}","templated":true}]}}