{"id":49068,"date":"2019-07-28T14:35:00","date_gmt":"2019-07-28T18:35:00","guid":{"rendered":"https:\/\/linitiative.ca\/International\/tayeb-louh-auditionne-aujourdhui\/"},"modified":"2019-07-28T14:35:00","modified_gmt":"2019-07-28T18:35:00","slug":"tayeb-louh-auditionne-aujourdhui","status":"publish","type":"post","link":"https:\/\/linitiative.ca\/International\/tayeb-louh-auditionne-aujourdhui\/","title":{"rendered":"Tayeb Louh auditionn\u00e9 aujourd\u2019hui"},"content":{"rendered":"<p><br id=\"sep_para_1\" class=\"sep_para access\"\/><\/p>\n<div id=\"para_1\" class=\"para_32329075 resize\">\n<div class=\"texte access firstletter\">L\u2019ex-garde des Sceaux, Tayeb Louh est\u00a0 convoqu\u00e9 aujourd\u2019hui pour \u00eatre entendu par les enqu\u00eateurs de l\u2019Office central de pr\u00e9vention et de lutte contre la corruption (qui a qualit\u00e9 de police judiciaire) sur, entre autres, le march\u00e9 des bracelets \u00e9lectroniques, rapporte El-Watan, mais aussi sur d\u2019autres affaires qui le lient \u00e0 son ami, le d\u00e9sormais ex-patron de la Gendarmerie nationale, le g\u00e9n\u00e9ral Ghali Belkecir, celui-l\u00e0 m\u00eame qui l\u2019a entra\u00een\u00e9 dans sa chute. Entre les deux hommes, la relation d\u00e9passe largement le cadre professionnel. Les deux familles se connaissent et s\u2019\u00e9changent les visites de courtoisie, affirme la source. D\u00e8s son installation en tant que ministre de la Justice, en 2013, Tayeb Louh a promu Mme Belkecir, de son nom de jeune fille Fatiha Boukhers, au poste de pr\u00e9sidente de la cour de Tipasa, dont les d\u00e9cisions ont souvent suscit\u00e9 les plus vives critiques aupr\u00e8s de ses coll\u00e8gues, mais aussi des justiciables qui n\u2019ont eu de cesse de saisir la chancellerie, en vain, a-t-on appris de la m\u00eame source.<\/div>\n<\/div>\n<p>Auteur: R\u00e9flexion<br \/>\n<a href=\"https:\/\/www.reflexiondz.net\/Tayeb-Louh-auditionne-aujourd-hui_a56857.html\">Cliquez ici pour lire l&rsquo;article depuis sa source.<\/a><\/p>\n","protected":false},"excerpt":{"rendered":"<p>L\u2019ex-garde des Sceaux, Tayeb Louh est\u00a0 convoqu\u00e9 aujourd\u2019hui pour \u00eatre entendu par les enqu\u00eateurs de l\u2019Office central de pr\u00e9vention et de lutte contre la corruption (qui a qualit\u00e9 de police judiciaire) sur, entre autres, le march\u00e9 des bracelets \u00e9lectroniques, rapporte El-Watan, mais aussi sur d\u2019autres affaires qui le lient \u00e0 son ami, le d\u00e9sormais ex-patron [&hellip;]<\/p>\n","protected":false},"author":1740,"featured_media":0,"comment_status":"closed","ping_status":"closed","sticky":false,"template":"","format":"standard","meta":{"fifu_image_url":"","fifu_image_alt":"","footnotes":""},"categories":[53,76],"tags":[],"class_list":["post-49068","post","type-post","status-publish","format-standard","hentry","category-algerie","category-regions"],"_links":{"self":[{"href":"https:\/\/linitiative.ca\/International\/wp-json\/wp\/v2\/posts\/49068","targetHints":{"allow":["GET"]}}],"collection":[{"href":"https:\/\/linitiative.ca\/International\/wp-json\/wp\/v2\/posts"}],"about":[{"href":"https:\/\/linitiative.ca\/International\/wp-json\/wp\/v2\/types\/post"}],"author":[{"embeddable":true,"href":"https:\/\/linitiative.ca\/International\/wp-json\/wp\/v2\/users\/1740"}],"replies":[{"embeddable":true,"href":"https:\/\/linitiative.ca\/International\/wp-json\/wp\/v2\/comments?post=49068"}],"version-history":[{"count":0,"href":"https:\/\/linitiative.ca\/International\/wp-json\/wp\/v2\/posts\/49068\/revisions"}],"wp:attachment":[{"href":"https:\/\/linitiative.ca\/International\/wp-json\/wp\/v2\/media?parent=49068"}],"wp:term":[{"taxonomy":"category","embeddable":true,"href":"https:\/\/linitiative.ca\/International\/wp-json\/wp\/v2\/categories?post=49068"},{"taxonomy":"post_tag","embeddable":true,"href":"https:\/\/linitiative.ca\/International\/wp-json\/wp\/v2\/tags?post=49068"}],"curies":[{"name":"wp","href":"https:\/\/api.w.org\/{rel}","templated":true}]}}