{"id":49070,"date":"2019-07-28T14:35:00","date_gmt":"2019-07-28T18:35:00","guid":{"rendered":"https:\/\/linitiative.ca\/International\/dialogue-national-lassociation-des-oulemas-propose-ses-personnalites\/"},"modified":"2019-07-28T14:35:00","modified_gmt":"2019-07-28T18:35:00","slug":"dialogue-national-lassociation-des-oulemas-propose-ses-personnalites","status":"publish","type":"post","link":"https:\/\/linitiative.ca\/International\/dialogue-national-lassociation-des-oulemas-propose-ses-personnalites\/","title":{"rendered":"DIALOGUE NATIONAL : L\u2019Association des oul\u00e9mas propose ses personnalit\u00e9s"},"content":{"rendered":"<p><br id=\"sep_para_1\" class=\"sep_para access\"\/><\/p>\n<div id=\"para_1\" class=\"para_32329070 resize\">\n<div class=\"texte access firstletter\">Soucieuse de trouver un d\u00e9nouement \u00e0 la crise que vit le pays depuis cinq mois, l\u2019Association des oul\u00e9mas musulmans alg\u00e9riens continue de lancer des initiatives. A cet effet, l\u2019Association a propos\u00e9 des personnalit\u00e9s afin de mener le dialogue national dans l\u2019espoir de parvenir \u00e0 sortir le pays de la crise. \u201cAu vu de l\u2019exasp\u00e9ration de la crise nationale, la non-dissipation des nuages qui planent sur le pays et face \u00e0 la multiplication des propositions et des initiatives, ce qui menace de perdurer la crise, l\u2019Association des oul\u00e9mas musulmans alg\u00e9riens \u2013 consciente de la gravit\u00e9 de la situation-\u00a0 a jug\u00e9 utile de proposer des personnalit\u00e9s -jouissant de l\u2019exp\u00e9rience, de la comp\u00e9tence, de cr\u00e9dibilit\u00e9- \u00e0 m\u00eame de jouer un r\u00f4le efficient pour engager le dialogue, contribuer \u00e0 rapprocher les points de vue et de trouver en urgence une issue susceptible de jeter les jalons d\u2019un Etat tant souhait\u00e9\u201d, a indiqu\u00e9 l\u2019Instance dirig\u00e9e par le Dr Abderrazak Guessoum dans un communiqu\u00e9 rendu public ce samedi.<\/div>\n<\/div>\n<p>Auteur: Nadine<br \/>\n<a href=\"https:\/\/www.reflexiondz.net\/DIALOGUE-NATIONAL-L-Association-des-oulemas-propose-ses-personnalites_a56854.html\">Cliquez ici pour lire l&rsquo;article depuis sa source.<\/a><\/p>\n","protected":false},"excerpt":{"rendered":"<p>Soucieuse de trouver un d\u00e9nouement \u00e0 la crise que vit le pays depuis cinq mois, l\u2019Association des oul\u00e9mas musulmans alg\u00e9riens continue de lancer des initiatives. A cet effet, l\u2019Association a propos\u00e9 des personnalit\u00e9s afin de mener le dialogue national dans l\u2019espoir de parvenir \u00e0 sortir le pays de la crise. \u201cAu vu de l\u2019exasp\u00e9ration de [&hellip;]<\/p>\n","protected":false},"author":1740,"featured_media":0,"comment_status":"closed","ping_status":"closed","sticky":false,"template":"","format":"standard","meta":{"fifu_image_url":"","fifu_image_alt":"","footnotes":""},"categories":[53,76],"tags":[],"class_list":["post-49070","post","type-post","status-publish","format-standard","hentry","category-algerie","category-regions"],"_links":{"self":[{"href":"https:\/\/linitiative.ca\/International\/wp-json\/wp\/v2\/posts\/49070","targetHints":{"allow":["GET"]}}],"collection":[{"href":"https:\/\/linitiative.ca\/International\/wp-json\/wp\/v2\/posts"}],"about":[{"href":"https:\/\/linitiative.ca\/International\/wp-json\/wp\/v2\/types\/post"}],"author":[{"embeddable":true,"href":"https:\/\/linitiative.ca\/International\/wp-json\/wp\/v2\/users\/1740"}],"replies":[{"embeddable":true,"href":"https:\/\/linitiative.ca\/International\/wp-json\/wp\/v2\/comments?post=49070"}],"version-history":[{"count":0,"href":"https:\/\/linitiative.ca\/International\/wp-json\/wp\/v2\/posts\/49070\/revisions"}],"wp:attachment":[{"href":"https:\/\/linitiative.ca\/International\/wp-json\/wp\/v2\/media?parent=49070"}],"wp:term":[{"taxonomy":"category","embeddable":true,"href":"https:\/\/linitiative.ca\/International\/wp-json\/wp\/v2\/categories?post=49070"},{"taxonomy":"post_tag","embeddable":true,"href":"https:\/\/linitiative.ca\/International\/wp-json\/wp\/v2\/tags?post=49070"}],"curies":[{"name":"wp","href":"https:\/\/api.w.org\/{rel}","templated":true}]}}