{"id":49071,"date":"2019-07-28T14:37:00","date_gmt":"2019-07-28T18:37:00","guid":{"rendered":"https:\/\/linitiative.ca\/International\/le-mjs-veut-la-demission-de-zetchi\/"},"modified":"2019-07-28T14:37:00","modified_gmt":"2019-07-28T18:37:00","slug":"le-mjs-veut-la-demission-de-zetchi","status":"publish","type":"post","link":"https:\/\/linitiative.ca\/International\/le-mjs-veut-la-demission-de-zetchi\/","title":{"rendered":"Le MJS veut la d\u00e9mission de Zetchi"},"content":{"rendered":"<p><br id=\"sep_para_1\" class=\"sep_para access\"\/><\/p>\n<div id=\"para_1\" class=\"para_32329077 resize\">\n<div class=\"texte access firstletter\">Alors que la f\u00e9d\u00e9ration alg\u00e9rienne de football a ni\u00e9 toute intention de d\u00e9mission de son pr\u00e9sident, Kheireddine Zetchi, le ministre de la jeunesse et des sports, Abderraouf Bernaoui a donn\u00e9, lui, une toute autre version. \u00ab Zetchi m\u2019a parl\u00e9 avant la finale de la CAN de son intention de d\u00e9missionner juste apr\u00e8s la finale. Je lui ai demand\u00e9 de temporiser \u00bb a, ainsi, r\u00e9v\u00e9l\u00e9 Bernaoui. Des r\u00e9v\u00e9lations qui contrastent avec la version donn\u00e9e par la f\u00e9d\u00e9ration alg\u00e9rienne de football. \u00ab C\u2019est avec une immense consternation et un profond regret que la F\u00e9d\u00e9ration alg\u00e9rienne de football (FAF) est en train d\u2019assister, depuis quelques jours, \u00e0 une campagne acharn\u00e9e pour g\u00e2cher la f\u00eate des Alg\u00e9riens et saper le moral de nos compatriotes, alors que l\u2019Alg\u00e9rie est championne d\u2019Afrique, sacr\u00e9e en Egypte 2019, et ce, en annon\u00e7ant \u00e0 tout-va la d\u00e9mission de son Pr\u00e9sident, M. Kheireddine Zetchi. \u00bb pouvait-on, d\u2019ailleurs, lire dans le communiqu\u00e9 de la FAF.<\/div>\n<\/div>\n<p>Auteur: R\u00e9flexion<br \/>\n<a href=\"https:\/\/www.reflexiondz.net\/Le-MJS-veut-la-demission-de-Zetchi_a56858.html\">Cliquez ici pour lire l&rsquo;article depuis sa source.<\/a><\/p>\n","protected":false},"excerpt":{"rendered":"<p>Alors que la f\u00e9d\u00e9ration alg\u00e9rienne de football a ni\u00e9 toute intention de d\u00e9mission de son pr\u00e9sident, Kheireddine Zetchi, le ministre de la jeunesse et des sports, Abderraouf Bernaoui a donn\u00e9, lui, une toute autre version. \u00ab Zetchi m\u2019a parl\u00e9 avant la finale de la CAN de son intention de d\u00e9missionner juste apr\u00e8s la finale. Je [&hellip;]<\/p>\n","protected":false},"author":1740,"featured_media":0,"comment_status":"closed","ping_status":"closed","sticky":false,"template":"","format":"standard","meta":{"fifu_image_url":"","fifu_image_alt":"","footnotes":""},"categories":[53,76],"tags":[],"class_list":["post-49071","post","type-post","status-publish","format-standard","hentry","category-algerie","category-regions"],"_links":{"self":[{"href":"https:\/\/linitiative.ca\/International\/wp-json\/wp\/v2\/posts\/49071","targetHints":{"allow":["GET"]}}],"collection":[{"href":"https:\/\/linitiative.ca\/International\/wp-json\/wp\/v2\/posts"}],"about":[{"href":"https:\/\/linitiative.ca\/International\/wp-json\/wp\/v2\/types\/post"}],"author":[{"embeddable":true,"href":"https:\/\/linitiative.ca\/International\/wp-json\/wp\/v2\/users\/1740"}],"replies":[{"embeddable":true,"href":"https:\/\/linitiative.ca\/International\/wp-json\/wp\/v2\/comments?post=49071"}],"version-history":[{"count":0,"href":"https:\/\/linitiative.ca\/International\/wp-json\/wp\/v2\/posts\/49071\/revisions"}],"wp:attachment":[{"href":"https:\/\/linitiative.ca\/International\/wp-json\/wp\/v2\/media?parent=49071"}],"wp:term":[{"taxonomy":"category","embeddable":true,"href":"https:\/\/linitiative.ca\/International\/wp-json\/wp\/v2\/categories?post=49071"},{"taxonomy":"post_tag","embeddable":true,"href":"https:\/\/linitiative.ca\/International\/wp-json\/wp\/v2\/tags?post=49071"}],"curies":[{"name":"wp","href":"https:\/\/api.w.org\/{rel}","templated":true}]}}