{"id":49078,"date":"2019-07-27T18:07:00","date_gmt":"2019-07-27T22:07:00","guid":{"rendered":"https:\/\/linitiative.ca\/International\/bajbouj-ecce-homo\/"},"modified":"2019-07-27T18:07:00","modified_gmt":"2019-07-27T22:07:00","slug":"bajbouj-ecce-homo","status":"publish","type":"post","link":"https:\/\/linitiative.ca\/International\/bajbouj-ecce-homo\/","title":{"rendered":"Bajbouj, Ecce Homo! \u00ab\u00a0"},"content":{"rendered":"<p><strong>\u00abTout un homme, fait de tous les hommes et qui les vaut tous et que vaut n&rsquo;importe qui. \u00bb<\/strong><\/p>\n<p><em>Jean-Paul Sartre<\/em><\/p>\n<p><span class=\"c2\"><strong>Par Slaheddine Dchicha &#8211;<\/strong><\/span> Tout Tunisien, qu\u2019il soit partisan ou opposant, qu\u2019il l\u2019appelle tendrement par le familier Bajbouj, qu\u2019il le d\u00e9signe par le froid et moderne acronyme BCE ou qu\u2019il l\u2019affuble de l\u2019ample et islamique Mohamed B\u00e9ji Ca\u00efd Essebsi,\u00a0 tout Tunisien donc reconna\u00eet \u00e0 l\u2019illustre et regrett\u00e9 d\u00e9funt son sens de l\u2019humour, sa truculence verbale et sa malice.<\/p>\n<p>En un pied de nez \u00e0 la fin ultime, le vieux renard a tenu \u00e0 tirer sa r\u00e9v\u00e9rence un 25 juillet, jour du 62e anniversaire de la proclamation de la R\u00e9publique, comme pour rappeler l\u2019importance des institutions et de la chose publique. A moins qu\u2019il n\u2019ait voulu ainsi faire oublier la tentation dynastique vers laquelle a failli le pousser son immense affection pour son fils.<\/p>\n<p>En faisant la nique \u00e0 la mort tout en damant, en m\u00eame temps, le pion aux festives c\u00e9l\u00e9brations, il d\u00e9passait les oppositions et conciliait le deuil et la joie. N\u2019est-il pas tentant de rep\u00e9rer ici sa sainte horreur des antagonismes et sa passion du consensus.\u00a0<\/p>\n<p>Passion qui ne l\u2019a jamais quitt\u00e9 et qui lui a permis, hormis deux ou trois parenth\u00e8ses, d\u2019\u00eatre toujours l\u00e0 o\u00f9 il devait \u00eatre : aux postes de responsabilit\u00e9, au service du Pays et de ses concitoyens.<\/p>\n<p>Bien s\u00fbr, il y des zones d\u2019ombre, mais est-ce le moment de les \u00e9voquer. L\u2019histoire et les historiens s\u2019en chargeront et il est fort probable qu\u2019ils feront un bilan globalement positif et qu\u2019ils lui pardonneront d\u2019avoir \u00e9t\u00e9 tent\u00e9 par la pr\u00e9f\u00e9rence des siens (Ecce homo !)\u2026 d\u2019avoir particip\u00e9 \u00e0 la r\u00e9pression et au r\u00e9tablissement de l\u2019ordre (que celui qui n\u2019a jamais p\u00e9ch\u00e9\u2026)<\/p>\n<p>Finalement BCE a incarn\u00e9 l\u2019arch\u00e9type du Tunisien : un m\u00e9lange subtil de modernisme, de conservatisme et de foi sinc\u00e8re. A la fois aristocrate et \u00ab houmani \u00bb, Bajbouj a \u00e9t\u00e9 pour les Tunisiens un grand-p\u00e8re farceur, malin et malicieux \u00e0 qui ils pardonnaient tout et m\u00eame ses vil\u00e9nies, ce qui explique l\u2019unanimit\u00e9 de leur affliction en ces jours de recueillement.<\/p>\n<p>Auteur:<br \/>\n<a href=\"https:\/\/www.leaders.com.tn\/article\/27606-bajbouj-ecce-homo\">Cliquez ici pour lire l&rsquo;article depuis sa source.<\/a><\/p>\n","protected":false},"excerpt":{"rendered":"<p>\u00abTout un homme, fait de tous les hommes et qui les vaut tous et que vaut n&rsquo;importe qui. \u00bb Jean-Paul Sartre Par Slaheddine Dchicha &#8211; Tout Tunisien, qu\u2019il soit partisan ou opposant, qu\u2019il l\u2019appelle tendrement par le familier Bajbouj, qu\u2019il le d\u00e9signe par le froid et moderne acronyme BCE ou qu\u2019il l\u2019affuble de l\u2019ample et [&hellip;]<\/p>\n","protected":false},"author":1772,"featured_media":0,"comment_status":"closed","ping_status":"closed","sticky":false,"template":"","format":"standard","meta":{"fifu_image_url":"","fifu_image_alt":"","footnotes":""},"categories":[73,55],"tags":[],"class_list":["post-49078","post","type-post","status-publish","format-standard","hentry","category-actualite","category-tunisie"],"_links":{"self":[{"href":"https:\/\/linitiative.ca\/International\/wp-json\/wp\/v2\/posts\/49078","targetHints":{"allow":["GET"]}}],"collection":[{"href":"https:\/\/linitiative.ca\/International\/wp-json\/wp\/v2\/posts"}],"about":[{"href":"https:\/\/linitiative.ca\/International\/wp-json\/wp\/v2\/types\/post"}],"author":[{"embeddable":true,"href":"https:\/\/linitiative.ca\/International\/wp-json\/wp\/v2\/users\/1772"}],"replies":[{"embeddable":true,"href":"https:\/\/linitiative.ca\/International\/wp-json\/wp\/v2\/comments?post=49078"}],"version-history":[{"count":0,"href":"https:\/\/linitiative.ca\/International\/wp-json\/wp\/v2\/posts\/49078\/revisions"}],"wp:attachment":[{"href":"https:\/\/linitiative.ca\/International\/wp-json\/wp\/v2\/media?parent=49078"}],"wp:term":[{"taxonomy":"category","embeddable":true,"href":"https:\/\/linitiative.ca\/International\/wp-json\/wp\/v2\/categories?post=49078"},{"taxonomy":"post_tag","embeddable":true,"href":"https:\/\/linitiative.ca\/International\/wp-json\/wp\/v2\/tags?post=49078"}],"curies":[{"name":"wp","href":"https:\/\/api.w.org\/{rel}","templated":true}]}}