{"id":49079,"date":"2019-07-27T19:15:00","date_gmt":"2019-07-27T23:15:00","guid":{"rendered":"https:\/\/linitiative.ca\/International\/lapres-beji-parachever-le-processus-democratique-engage\/"},"modified":"2019-07-27T19:15:00","modified_gmt":"2019-07-27T23:15:00","slug":"lapres-beji-parachever-le-processus-democratique-engage","status":"publish","type":"post","link":"https:\/\/linitiative.ca\/International\/lapres-beji-parachever-le-processus-democratique-engage\/","title":{"rendered":"L\u2019apr\u00e8s B\u00e9ji : parachever le processus d\u00e9mocratique engag\u00e9"},"content":{"rendered":"<p><span class=\"c2\"><em><strong>Par Mohamed Mouldi Kefi, ancien ambassadeur, ministre des Affaires \u00e9trang\u00e8res dans le gouvernement de B\u00e9ji Ca\u00efd Essebsi, 2011 &#8211;<\/strong><\/em><\/span> Il y a pr\u00e8s de cinq ans, quelques semaines avant les \u00e9lections l\u00e9gislatives et le scrutin pr\u00e9sidentiel, j\u2019avais \u00e9crit deux articles pour Leaders :\u00a0<\/p>\n<p>&#8211; Pourquoi il faut aller voter et pour qui ?\u00a0<\/p>\n<p>&#8211; Beji, Kamel, Hama, Kalthoum et les autres &#8230;<\/p>\n<p>Dans ce dernier papier, je d\u00e9fendais mordicus l&rsquo;id\u00e9e qu&rsquo;il fallait porter Beji Ca\u00efd Essebsi \u00e0 la magistrature supr\u00eame en d\u00e9pit de son \u00e2ge avanc\u00e9 mais en raison de sa longue exp\u00e9rience dont le pays avait tellement besoin en cette p\u00e9riode cruciale de son processus d\u00e9mocratique. Les autres candidats plus jeunes que lui auront la possibilit\u00e9 de tenter leur chance lors de prochains scrutins. Je pensais que notre Bajbouj bien- aim\u00e9 remettra les cl\u00e9s du Palais de Carthage \u00e0 son successeur d\u00e9mocratiquement \u00e9lu d\u00e9but 2020.\u00a0<\/p>\n<p>Le Tout- Puissant en a d\u00e9cid\u00e9 autrement en cette matin\u00e9e de jeudi 25 juillet 2019. Il l&rsquo;a rappel\u00e9 aupr\u00e8s de Lui le jour de la f\u00eate de la R\u00e9publique comme s&rsquo;Il voulait que le peuple tunisien puisse associer pour l&rsquo;\u00e9ternit\u00e9 son premier Pr\u00e9sident librement choisi avec le symbole de sa volont\u00e9 incarn\u00e9e par la R\u00e9publique.\u00a0<\/p>\n<p>Nous autres pauvres h\u00e8res humains souhaitons et proposons et Dieu dispose et impose. Ainsi soit- il !\u00a0<\/p>\n<p>Comme je l&rsquo;avais \u00e9crit en 2014, je ne suis pas hagiographe et je ne l&rsquo;ai jamais \u00e9t\u00e9. Si j&rsquo;avais choisi BCE alors, c&rsquo;est parce que j&rsquo;ai bien connu l&rsquo;homme et surtout ses qualit\u00e9s d&rsquo;abord en tant que Ministre des Affaires \u00c9trang\u00e8res alors que je n&rsquo;\u00e9tais qu&rsquo;un junior diplomate, ensuite lorsqu&rsquo;il a \u00e9t\u00e9 Premier Ministre durant l&rsquo;ann\u00e9e 2011 et que j&rsquo;\u00e9tais \u00e0 ses c\u00f4t\u00e9s pour m&rsquo;occuper de la diplomatie tunisienne en cette p\u00e9riode d\u00e9licate que connaissait notre pays et le monde arabe d&rsquo;une mani\u00e8re g\u00e9n\u00e9rale.\u00a0<\/p>\n<p>C&rsquo;est donc en toute objectivit\u00e9 et en mon \u00e2me et conscience que j&rsquo;avais fait mon choix. Je suis convaincu de ne pas m&rsquo;\u00eatre tromp\u00e9.\u00a0<\/p>\n<p>Le meilleur hommage qu&rsquo;on puisse lui rendre aujourd&rsquo;hui et de continuer l&rsquo;\u0153uvre qu&rsquo;il avait entreprise et pour laquelle il avait consacr\u00e9 les derniers moments de sa vie : parachever le processus d\u00e9mocratique engag\u00e9 depuis plus de huit ans et surtout trouver un successeur de sa stature dont l&rsquo;unique objectif sera de servir la Tunisie, seulement la Tunisie et rien que la Tunisie sans calculs ni arri\u00e8re &#8211; pens\u00e9es !\u00a0<\/p>\n<p>Repose en paix Si El Beji ! Tu viens de rejoindre tes illustres anc\u00eatres Hannibal, Jugurtha, Kheireddine, Hached et Bourguiba. Notre pays qui a enfant\u00e9 de tels g\u00e9ants donnera s\u00fbrement pour les g\u00e9n\u00e9rations futures des dirigeants qui sauront le mener \u00e0 bon port. Et son drapeau rouge et blanc avec au milieu l&rsquo;\u00e9toile et le croissant continuera de flotter haut dans le ciel jusqu&rsquo;\u00e0 la fin des temps.<\/p>\n<p><strong>M.M.K.<\/strong>\u00a0<\/p>\n<p>Auteur:<br \/>\n<a href=\"https:\/\/www.leaders.com.tn\/article\/27607-l-apres-beji-parachever-le-processus-democratique-engage\">Cliquez ici pour lire l&rsquo;article depuis sa source.<\/a><\/p>\n","protected":false},"excerpt":{"rendered":"<p>Par Mohamed Mouldi Kefi, ancien ambassadeur, ministre des Affaires \u00e9trang\u00e8res dans le gouvernement de B\u00e9ji Ca\u00efd Essebsi, 2011 &#8211; Il y a pr\u00e8s de cinq ans, quelques semaines avant les \u00e9lections l\u00e9gislatives et le scrutin pr\u00e9sidentiel, j\u2019avais \u00e9crit deux articles pour Leaders :\u00a0 &#8211; Pourquoi il faut aller voter et pour qui ?\u00a0 &#8211; Beji, [&hellip;]<\/p>\n","protected":false},"author":1772,"featured_media":0,"comment_status":"closed","ping_status":"closed","sticky":false,"template":"","format":"standard","meta":{"fifu_image_url":"","fifu_image_alt":"","footnotes":""},"categories":[73,55],"tags":[],"class_list":["post-49079","post","type-post","status-publish","format-standard","hentry","category-actualite","category-tunisie"],"_links":{"self":[{"href":"https:\/\/linitiative.ca\/International\/wp-json\/wp\/v2\/posts\/49079","targetHints":{"allow":["GET"]}}],"collection":[{"href":"https:\/\/linitiative.ca\/International\/wp-json\/wp\/v2\/posts"}],"about":[{"href":"https:\/\/linitiative.ca\/International\/wp-json\/wp\/v2\/types\/post"}],"author":[{"embeddable":true,"href":"https:\/\/linitiative.ca\/International\/wp-json\/wp\/v2\/users\/1772"}],"replies":[{"embeddable":true,"href":"https:\/\/linitiative.ca\/International\/wp-json\/wp\/v2\/comments?post=49079"}],"version-history":[{"count":0,"href":"https:\/\/linitiative.ca\/International\/wp-json\/wp\/v2\/posts\/49079\/revisions"}],"wp:attachment":[{"href":"https:\/\/linitiative.ca\/International\/wp-json\/wp\/v2\/media?parent=49079"}],"wp:term":[{"taxonomy":"category","embeddable":true,"href":"https:\/\/linitiative.ca\/International\/wp-json\/wp\/v2\/categories?post=49079"},{"taxonomy":"post_tag","embeddable":true,"href":"https:\/\/linitiative.ca\/International\/wp-json\/wp\/v2\/tags?post=49079"}],"curies":[{"name":"wp","href":"https:\/\/api.w.org\/{rel}","templated":true}]}}