{"id":49080,"date":"2019-07-27T19:18:00","date_gmt":"2019-07-27T23:18:00","guid":{"rendered":"https:\/\/linitiative.ca\/International\/caid-essebsi-zaim-disciple-du-zaim\/"},"modified":"2019-07-27T19:18:00","modified_gmt":"2019-07-27T23:18:00","slug":"caid-essebsi-zaim-disciple-du-zaim","status":"publish","type":"post","link":"https:\/\/linitiative.ca\/International\/caid-essebsi-zaim-disciple-du-zaim\/","title":{"rendered":"Ca\u00efd Essebsi, Za\u00efm, disciple du Za\u00efm"},"content":{"rendered":"<p><strong><span class=\"c2\">Par Latifa Moussa &#8211;<\/span><\/strong> <span class=\"c3\">La mort du Loup!<\/span> Le 25 juillet 2019, Le Pr\u00e9sident de la R\u00e9publique de notre pays, Beji Caid Essebsi nous a quitt\u00e9s le jour de la f\u00eate de la R\u00e9publique pour rappeler peut \u00eatre \u00e0 certains que la Tunisie est une R\u00e9publique et qu&rsquo;elle le restera. Jusqu&rsquo;\u00e0 la derni\u00e8re minute de sa vie qui fut exceptionnelle, le Pr\u00e9sident s&rsquo;en est all\u00e9 en d\u00e9ployant un ultime effort pour r\u00e9gler des \u00ab comptes \u00bb que beaucoup croyaient d\u00e9j\u00e0 \u00ab dans la poche \u00bb.<\/p>\n<p>En effet, certains l&rsquo;ont cru parti et ont cri\u00e9 au soulagement en annon\u00e7ant sa mort pr\u00e9matur\u00e9ment, il s&rsquo;en est relev\u00e9 et a fini ce qu&rsquo;il avait \u00e0 finir en leur donnant une belle le\u00e7on de vie et de mort. Sacr\u00e9 Bajbouj!<\/p>\n<p>BCE r\u00e9unissait \u00e0 lui seul\u00a0 l&rsquo;essentiel des qualit\u00e9s et des valeurs que l&rsquo;on exige d&rsquo;un grand homme politique.\u00a0 Il \u00e9tait rus\u00e9 comme un renard, intelligent et dou\u00e9 d&rsquo;une m\u00e9moire exceptionnelle comme un \u00e9l\u00e9phant, il \u00e9tait une force de la nature comme un b\u00e9lier avec en plus le charisme et la classe d\u2019un lion. Un redoutable animal politique que le poids des ann\u00e9es n&rsquo;a pu avoir raison de sa raison. Sacr\u00e9 Bajbouj!<\/p>\n<p>Il a travers\u00e9 le 20\u00e8me si\u00e8cle en participant avec Bourguiba \u00e0 la construction d&rsquo;une Tunisie moderne, et celui du 21\u00e8me \u00e0 la t\u00eate de l&rsquo;Etat pour construire la d\u00e9mocratie. Comme quoi le grand Bourguiba n&rsquo;est pas parti sans\u00a0 nous laisser en h\u00e9ritage quelques remparts pour prot\u00e9ger cette r\u00e9publique qui lui \u00e9tait si ch\u00e8re et que Si Beji a fait en sorte de la pr\u00e9server.<\/p>\n<p>BCE \u00e9tait, en effet, le digne h\u00e9ritier du Za\u00efm et celui qui fut le seul, gr\u00e2ce \u00e0 son g\u00e9nie et son exp\u00e9rience, capable de faire face aux d\u00e9mons qui mena\u00e7aient notre pays apr\u00e8s 2011. C&rsquo;est\u00a0 celui qui a su prendre le destin des Tunisiens en mains en 2014 et leur \u00e9viter de sombrer dans l&rsquo;inconnu. Il fut le rempart qui fit reculer les Islamistes pour nous prot\u00e9ger des dangers de l&rsquo;extr\u00e9misme religieux qui nous guettait de l&rsquo;int\u00e9rieur, de nous- m\u00eame, et de l&rsquo;ext\u00e9rieur, des autres.<\/p>\n<p>BCE faisait partie de ces hommes qui croyaient en la femme: il la tenait dans sa plus haute estime. \u00ab Une soci\u00e9t\u00e9 ne peut \u00e9voluer sans la participation de la femme en tant que citoyenne \u00e0 part enti\u00e8re \u00bb disait- il, souvent. H\u00e9las ! il n&rsquo;a pas eu le temps suffisant pour lui rendre l&rsquo;hommage final en faisant\u00a0 passer la loi sur l&rsquo;\u00e9galit\u00e9 des droits dans l&rsquo;h\u00e9ritage, et rendre justice \u00e0 toutes ces Tunisiennes qui ont cru en lui et qui le pleurent aujourd&rsquo;hui.<\/p>\n<p>Le 27 Juillet 2019, le jour de ses obs\u00e8ques nationales, les Tunisiens sont venus par milliers, des hommes, des femmes, des familles enti\u00e8res, une bouteille d&rsquo;eau dans une main, et le drapeau tunisien dans l\u2019autre. Ils sont venus lui dire \u00ab Adieu monsieur le Pr\u00e9sident ! \u00bb Ils sont venus sto\u00efques, sous un soleil de plomb, l&rsquo;accompagner jusqu&rsquo;\u00e0 sa derni\u00e8re demeure. Ils ont d\u00e9cid\u00e9 de venir spontan\u00e9ment et\u00a0 en masse pour une derni\u00e8re rencontre avec celui qu&rsquo;ils\u00a0 ont aim\u00e9, qu&rsquo;ils ont \u00e9lu, dans l&rsquo;euphorie de 2014, Pr\u00e9sident de la R\u00e9publique de ce beau\u00a0 pays qu\u2019est la Tunisie, notre patrie. On\u00a0 l&rsquo;a certes beaucoup aim\u00e9 mais\u00a0 on lui en a voulu quelquefois, critiqu\u00e9 souvent, mais\u00a0 aujourd&rsquo;hui on l&rsquo;a pleur\u00e9 comme des enfants qui pleurent leur p\u00e8re, comme un peuple qui pleure son chef. La Tunisie a v\u00e9cu encore une fois un \u00e9v\u00e9nement\u00a0 historique.<\/p>\n<p>Adieu monsieur le Pr\u00e9sident, reposez en paix et sachez que la Tunisie sera sauv\u00e9e par ses enfants, hommes et femmes libres, en qui vous avez\u00a0 tant cru.<\/p>\n<p><span class=\"c2\"><strong>Latifa Moussa<\/strong><\/span><\/p>\n<p>Auteur:<br \/>\n<a href=\"https:\/\/www.leaders.com.tn\/article\/27608-caid-essebsi-zaim-disciple-du-zaim\">Cliquez ici pour lire l&rsquo;article depuis sa source.<\/a><\/p>\n","protected":false},"excerpt":{"rendered":"<p>Par Latifa Moussa &#8211; La mort du Loup! Le 25 juillet 2019, Le Pr\u00e9sident de la R\u00e9publique de notre pays, Beji Caid Essebsi nous a quitt\u00e9s le jour de la f\u00eate de la R\u00e9publique pour rappeler peut \u00eatre \u00e0 certains que la Tunisie est une R\u00e9publique et qu&rsquo;elle le restera. Jusqu&rsquo;\u00e0 la derni\u00e8re minute de [&hellip;]<\/p>\n","protected":false},"author":1772,"featured_media":0,"comment_status":"closed","ping_status":"closed","sticky":false,"template":"","format":"standard","meta":{"fifu_image_url":"","fifu_image_alt":"","footnotes":""},"categories":[73,55],"tags":[],"class_list":["post-49080","post","type-post","status-publish","format-standard","hentry","category-actualite","category-tunisie"],"_links":{"self":[{"href":"https:\/\/linitiative.ca\/International\/wp-json\/wp\/v2\/posts\/49080","targetHints":{"allow":["GET"]}}],"collection":[{"href":"https:\/\/linitiative.ca\/International\/wp-json\/wp\/v2\/posts"}],"about":[{"href":"https:\/\/linitiative.ca\/International\/wp-json\/wp\/v2\/types\/post"}],"author":[{"embeddable":true,"href":"https:\/\/linitiative.ca\/International\/wp-json\/wp\/v2\/users\/1772"}],"replies":[{"embeddable":true,"href":"https:\/\/linitiative.ca\/International\/wp-json\/wp\/v2\/comments?post=49080"}],"version-history":[{"count":0,"href":"https:\/\/linitiative.ca\/International\/wp-json\/wp\/v2\/posts\/49080\/revisions"}],"wp:attachment":[{"href":"https:\/\/linitiative.ca\/International\/wp-json\/wp\/v2\/media?parent=49080"}],"wp:term":[{"taxonomy":"category","embeddable":true,"href":"https:\/\/linitiative.ca\/International\/wp-json\/wp\/v2\/categories?post=49080"},{"taxonomy":"post_tag","embeddable":true,"href":"https:\/\/linitiative.ca\/International\/wp-json\/wp\/v2\/tags?post=49080"}],"curies":[{"name":"wp","href":"https:\/\/api.w.org\/{rel}","templated":true}]}}