{"id":49081,"date":"2019-07-28T03:00:00","date_gmt":"2019-07-28T07:00:00","guid":{"rendered":"https:\/\/linitiative.ca\/International\/le-roi-abddallah-de-jordanie-et-la-reine-rania-ce-lundi-a-tunis-pour-presenter-leurs-condoleances\/"},"modified":"2019-07-28T03:00:00","modified_gmt":"2019-07-28T07:00:00","slug":"le-roi-abddallah-de-jordanie-et-la-reine-rania-ce-lundi-a-tunis-pour-presenter-leurs-condoleances","status":"publish","type":"post","link":"https:\/\/linitiative.ca\/International\/le-roi-abddallah-de-jordanie-et-la-reine-rania-ce-lundi-a-tunis-pour-presenter-leurs-condoleances\/","title":{"rendered":"Le Roi Abddallah de Jordanie et la Reine Rania, ce lundi \u00e0 Tunis pour pr\u00e9senter leurs condol\u00e9ances"},"content":{"rendered":"<p>Emp\u00each\u00e9 de prendre part \u00e0 la c\u00e9r\u00e9monie officielle d\u2019adieu au pr\u00e9sident B\u00e9ji Ca\u00efd Essebsi, samedi \u00e0 Carthage, le Roi Abdallah de Jordanie se rendra ce lundi \u00e0 Tunis, accompagn\u00e9 de son \u00e9pouse la Reine Rani, pour pr\u00e9senter ses condol\u00e9ance \u00e0 la famille du d\u00e9funt ainsi qu\u2019au pr\u00e9sident de la R\u00e9publique par int\u00e9rim, Mohamed Ennaceur.<\/p>\n<p>Le Roi de Jordanie s\u2019\u00e9tait fait repr\u00e9senter samedi par son ministre du D\u00e9veloppement politique et parlementaire, Moussa Maaita\u00a0<\/p>\n<p>Auteur:<br \/>\n<a href=\"https:\/\/www.leaders.com.tn\/article\/27604-le-roi-abdallah-beji-caid-essebsi\">Cliquez ici pour lire l&rsquo;article depuis sa source.<\/a><\/p>\n","protected":false},"excerpt":{"rendered":"<p>Emp\u00each\u00e9 de prendre part \u00e0 la c\u00e9r\u00e9monie officielle d\u2019adieu au pr\u00e9sident B\u00e9ji Ca\u00efd Essebsi, samedi \u00e0 Carthage, le Roi Abdallah de Jordanie se rendra ce lundi \u00e0 Tunis, accompagn\u00e9 de son \u00e9pouse la Reine Rani, pour pr\u00e9senter ses condol\u00e9ance \u00e0 la famille du d\u00e9funt ainsi qu\u2019au pr\u00e9sident de la R\u00e9publique par int\u00e9rim, Mohamed Ennaceur. Le [&hellip;]<\/p>\n","protected":false},"author":1772,"featured_media":0,"comment_status":"closed","ping_status":"closed","sticky":false,"template":"","format":"standard","meta":{"fifu_image_url":"","fifu_image_alt":"","footnotes":""},"categories":[73,55],"tags":[],"class_list":["post-49081","post","type-post","status-publish","format-standard","hentry","category-actualite","category-tunisie"],"_links":{"self":[{"href":"https:\/\/linitiative.ca\/International\/wp-json\/wp\/v2\/posts\/49081","targetHints":{"allow":["GET"]}}],"collection":[{"href":"https:\/\/linitiative.ca\/International\/wp-json\/wp\/v2\/posts"}],"about":[{"href":"https:\/\/linitiative.ca\/International\/wp-json\/wp\/v2\/types\/post"}],"author":[{"embeddable":true,"href":"https:\/\/linitiative.ca\/International\/wp-json\/wp\/v2\/users\/1772"}],"replies":[{"embeddable":true,"href":"https:\/\/linitiative.ca\/International\/wp-json\/wp\/v2\/comments?post=49081"}],"version-history":[{"count":0,"href":"https:\/\/linitiative.ca\/International\/wp-json\/wp\/v2\/posts\/49081\/revisions"}],"wp:attachment":[{"href":"https:\/\/linitiative.ca\/International\/wp-json\/wp\/v2\/media?parent=49081"}],"wp:term":[{"taxonomy":"category","embeddable":true,"href":"https:\/\/linitiative.ca\/International\/wp-json\/wp\/v2\/categories?post=49081"},{"taxonomy":"post_tag","embeddable":true,"href":"https:\/\/linitiative.ca\/International\/wp-json\/wp\/v2\/tags?post=49081"}],"curies":[{"name":"wp","href":"https:\/\/api.w.org\/{rel}","templated":true}]}}