{"id":49082,"date":"2019-07-28T03:00:00","date_gmt":"2019-07-28T07:00:00","guid":{"rendered":"https:\/\/linitiative.ca\/International\/des-funerailles-qui-ont-montre-un-peuple-uni\/"},"modified":"2019-07-28T03:00:00","modified_gmt":"2019-07-28T07:00:00","slug":"des-funerailles-qui-ont-montre-un-peuple-uni","status":"publish","type":"post","link":"https:\/\/linitiative.ca\/International\/des-funerailles-qui-ont-montre-un-peuple-uni\/","title":{"rendered":"Des fun\u00e9railles  qui ont montr\u00e9 un peuple uni"},"content":{"rendered":"<p><span class=\"c2\"><em><strong>Par Mokhtar el khlifi &#8211;<\/strong><\/em><\/span> Le peuple tunisien a accompagn\u00e9, aujourd\u2019hui 27 juillet 2019,\u00a0 dans le calme, la discipline et une grande douleur, son Pr\u00e9sident, \u00e0 sa derni\u00e8re demeure. Notre arm\u00e9e a organis\u00e9, pour la premi\u00e8re fois de son histoire, les grands moments de ces fun\u00e9railles, avec brio. Nous ne pouvons que la remercier ainsi que les forces de s\u00e9curit\u00e9. Nous ne pouvons que remercier aussi toutes les personnalit\u00e9s \u00e9trang\u00e8res qui ont, en d\u00e9pit de leurs agendas, partag\u00e9, surtout par leur pr\u00e9sence, notre deuil national. Ces fun\u00e9railles dignes des grands de ce monde et qui ont montr\u00e9 un peuple uni\u00a0 et\u00a0 solidaire resteront, \u00e0 jamais, grav\u00e9s dans notre m\u00e9moire. Dans ces moments de douleur extr\u00eame, aggrav\u00e9e par la crainte d\u2019un futur politique et \u00e9conomique incertain, le peuple a manifest\u00e9 sa reconnaissance au guide qui l\u2019a aid\u00e9 \u00e0 surmonter bien des crises et\u00a0 \u00e0 croire encore dans les valeurs de libert\u00e9, d\u2019\u00e9galit\u00e9 et de d\u00e9mocratie. Dans cette coh\u00e9sion d\u2019un peuple dans toutes ses composantes je crois, ou presque, les m\u00e9dias ont jou\u00e9 un r\u00f4le de premier plan. Certes, la mort unit naturellement les c\u0153urs, mais nos m\u00e9dias\u00a0 ont diss\u00e9qu\u00e9 la vie du d\u00e9funt dans ses moindres d\u00e9tails en faisant appel\u00a0 \u00e0 ceux qui l\u2019ont connu de pr\u00e8s et ont pu ainsi grandement le rapprocher du c\u0153ur du citoyen qui a d\u00e9couvert subitement l\u2019envergure de l\u2019homme, sa\u00a0 carrure politique, son exp\u00e9rience, sa bont\u00e9 et son charisme. Par leur pr\u00e9sence massive les femmes semblent avoir pardonn\u00e9 \u00e0 l\u2019homme son rapprochement avec les forces\u00a0 qui ont\u00a0 remis en cause, \u00e0 un moment donn\u00e9, leur mod\u00e8le social.<\/p>\n<p><img decoding=\"async\" src=\"\/uploads\/FCK_files\/67402855_2550270558364319_8931233691435270144_o.jpg\" width=\"100%\" vspace=\"5\" hspace=\"5\" align=\"middle\" alt=\"\"\/><\/p>\n<p>Feu B\u00e9ji Caid Essebssi est physiquement mort et enterr\u00e9, mais tout au long de sa vie politique il n\u2019a cess\u00e9 de faire appel \u00e0 l\u2019Union des c\u0153urs et des esprits et \u00e0 avoir comme priorit\u00e9 l\u2019int\u00e9r\u00eat du pays au risque de faire certains rapprochements.<\/p>\n<p>A la place o\u00f9 il \u00e9tait et avec ce r\u00e9gime politique hybride et fond\u00e9 sur les partis, il ne pouvait pas r\u00e9aliser le saut qualitatif. Notre pays a r\u00e9gress\u00e9 dans bien des domaines.<\/p>\n<p>N\u2019avons-nous pas \u00e9t\u00e9 \u00e0 m\u00eame d\u2019adapter nos capacit\u00e9s de stockage de la r\u00e9colte des c\u00e9r\u00e9ales alors que nous savions d\u00e9j\u00e0 qu\u2019elle serait excellente !<\/p>\n<p>Ce qu\u2019il nous faut, ce sont les hommes qu\u2019il faut \u00e0 la place qu\u2019il faut avec un bon capitaine et une carte pour parvenir \u00e0 bon port.<\/p>\n<p>Ce qu\u2019il ne faudrait pas, c\u2019est de faire jouer la m\u00e9canique des partis et le recours \u00e0 l\u2019argent pour berner l\u2019\u00e9lecteur et forcer son vote.<\/p>\n<p>Certes, le citoyen\u00a0 a ras le bol des politiques, de leurs discours creux et de leurs programmes r\u00e9duits \u00e0 quelques lignes directrices vite oubli\u00e9es aussit\u00f4t \u00e9lus mais que faire ?<\/p>\n<p>C\u2019est simple. C\u2019est peut-\u00eatre na\u00eff, mais c\u2019est la seule porte de sortie pour une \u00e9conomie en crise qui r\u00e9gresse plus qu\u2019elle n\u2019avance et o\u00f9 les \u00e9gos sont vifs.<\/p>\n<p>Le moment est venu pour prendre le taureau par les cornes, frapper le fer tant qu\u2019il est chaud et profiter de la coh\u00e9sion sociale enregistr\u00e9e.<br \/>Partant du fait que tous les dirigeants de partis ne peuvent \u00eatre, tous et en m\u00eame temps, des Pr\u00e9sidents et des chefs de Gouvernement de la m\u00eame R\u00e9publique, il faudrait qu\u2019ils aient enfin le bon sens, l\u2019honn\u00eatet\u00e9 et le courage, de choisir\u00a0 les personnes idoines pour ces postes, mais bien entendu selon les crit\u00e8res exig\u00e9s pour ces hautes fonctions \u00e0 savoir, l\u2019int\u00e9grit\u00e9 morale, la comp\u00e9tence, la facult\u00e9 d\u2019\u00e9coute, l\u2019action, la culture, le sens de l\u2019Etat et de l\u2019int\u00e9r\u00eat national et, si possible ,un brin de charisme.<\/p>\n<p>S\u2019ils arrivent enfin \u00e0 s\u2019entendre sur les noms choisis, le Pr\u00e9sident sera alors propos\u00e9 au suffrage du peuple et une fois \u00e9lu il d\u00e9signera le chef du Gouvernent propos\u00e9.<br \/>Mais ce serait mettre la charrue devant les b\u0153ufs s\u2019ils n\u2019arrivent pas s\u2019entendre d\u2019abord sur un programme adapt\u00e9 \u00e0 la crise que nous vivons.<\/p>\n<p>Comment arr\u00eater ce programme \u00e0 court et \u00e0 moyen terme?<\/p>\n<p>Les organisations nationales et les partis politiques d\u00e9signeraient leurs experts en mati\u00e8re \u00e9conomique et sociale \u00e0 un atelier de travail pour d\u00e9gager, en peu de temps, un programme qui ait l\u2019accord de tous\u00a0 et qui sera ex\u00e9cut\u00e9 par le futur Gouvernement.<\/p>\n<p>Feu B\u00e9ji Caid Essebssi\u00a0 avait l\u2019intention de rapprocher les c\u0153urs et les programmes pour remettre le pays sur les rails en usant de son autorit\u00e9 morale. Dieu en a voulu autrement. Alors ?<br \/>J\u2019ai l\u2019intime conviction que le moment est propice pour que le\u00a0 Pr\u00e9sident Mohamed Ennaceur et Monsieur Noureddine Tabboubi s\u2019engagent sur\u00a0 cette voie pour rester fid\u00e8les au souhait de notre d\u00e9funt Pr\u00e9sident\u00a0 et ce dans l\u2019int\u00e9r\u00eat du pays.<\/p>\n<p>Game is over, car ce bon\u00a0 peuple n\u2019en peut plus.\u00a0<\/p>\n<p class=\"c3\"><strong>Mokhtar el khlifi<\/strong><\/p>\n<p>Auteur:<br \/>\n<a href=\"https:\/\/www.leaders.com.tn\/article\/27602-game-is-over\">Cliquez ici pour lire l&rsquo;article depuis sa source.<\/a><\/p>\n","protected":false},"excerpt":{"rendered":"<p>Par Mokhtar el khlifi &#8211; Le peuple tunisien a accompagn\u00e9, aujourd\u2019hui 27 juillet 2019,\u00a0 dans le calme, la discipline et une grande douleur, son Pr\u00e9sident, \u00e0 sa derni\u00e8re demeure. Notre arm\u00e9e a organis\u00e9, pour la premi\u00e8re fois de son histoire, les grands moments de ces fun\u00e9railles, avec brio. Nous ne pouvons que la remercier ainsi [&hellip;]<\/p>\n","protected":false},"author":1772,"featured_media":49083,"comment_status":"closed","ping_status":"closed","sticky":false,"template":"","format":"standard","meta":{"fifu_image_url":"","fifu_image_alt":"","footnotes":""},"categories":[73,55],"tags":[],"class_list":["post-49082","post","type-post","status-publish","format-standard","has-post-thumbnail","hentry","category-actualite","category-tunisie"],"_links":{"self":[{"href":"https:\/\/linitiative.ca\/International\/wp-json\/wp\/v2\/posts\/49082","targetHints":{"allow":["GET"]}}],"collection":[{"href":"https:\/\/linitiative.ca\/International\/wp-json\/wp\/v2\/posts"}],"about":[{"href":"https:\/\/linitiative.ca\/International\/wp-json\/wp\/v2\/types\/post"}],"author":[{"embeddable":true,"href":"https:\/\/linitiative.ca\/International\/wp-json\/wp\/v2\/users\/1772"}],"replies":[{"embeddable":true,"href":"https:\/\/linitiative.ca\/International\/wp-json\/wp\/v2\/comments?post=49082"}],"version-history":[{"count":0,"href":"https:\/\/linitiative.ca\/International\/wp-json\/wp\/v2\/posts\/49082\/revisions"}],"wp:featuredmedia":[{"embeddable":true,"href":"https:\/\/linitiative.ca\/International\/wp-json\/"}],"wp:attachment":[{"href":"https:\/\/linitiative.ca\/International\/wp-json\/wp\/v2\/media?parent=49082"}],"wp:term":[{"taxonomy":"category","embeddable":true,"href":"https:\/\/linitiative.ca\/International\/wp-json\/wp\/v2\/categories?post=49082"},{"taxonomy":"post_tag","embeddable":true,"href":"https:\/\/linitiative.ca\/International\/wp-json\/wp\/v2\/tags?post=49082"}],"curies":[{"name":"wp","href":"https:\/\/api.w.org\/{rel}","templated":true}]}}