{"id":49084,"date":"2019-07-28T14:33:00","date_gmt":"2019-07-28T18:33:00","guid":{"rendered":"https:\/\/linitiative.ca\/International\/le-coup-declat-demmanuel-macron-a-carthage\/"},"modified":"2019-07-28T14:33:00","modified_gmt":"2019-07-28T18:33:00","slug":"le-coup-declat-demmanuel-macron-a-carthage","status":"publish","type":"post","link":"https:\/\/linitiative.ca\/International\/le-coup-declat-demmanuel-macron-a-carthage\/","title":{"rendered":"Le coup d&rsquo;\u00e9clat d\u2019Emmanuel Macron \u00e0 Carthage"},"content":{"rendered":"<p><span class=\"c2\"><em><strong>Par Monia Kallel &#8211;<\/strong><\/em><\/span> Dans son \u00e9loge fun\u00e8bre, le dernier du c\u00e9r\u00e9monial de Carthage en ce 27 juillet 2019, E. Macron a c\u00e9l\u00e9br\u00e9 les qualit\u00e9s du grand BC, sa force de caract\u00e8re, sa sagesse, ses audaces, ses talents de diplomate aguerri. Et, \u00e0 la diff\u00e9rence des autres chefs d\u2019Etat, il a ax\u00e9 son discours sur l\u2019\u0152uvre de cet \u00ab\u00a0homme de combat et de conqu\u00eate\u00a0\u00bb en pr\u00e9sentant son parcours et le livre o\u00f9 il a r\u00e9fl\u00e9chi \u00e0 ce parcours, ses principales r\u00e9alisations et son programme rest\u00e9 \u00e0 l\u2019\u00e9tat de projet, le projet de loi sur l&rsquo;\u00e9galit\u00e9 de l&rsquo;h\u00e9ritage qui devait continuer et concr\u00e9tiser ce que le fondateur, Bourguiba, n&rsquo;a pas pu ou os\u00e9 faire.<\/p>\n<p>Avec de petites phrases, tourn\u00e9es au futur et rehauss\u00e9es par une fougue \u00ab\u00a0juv\u00e9nile\u00a0\u00bb, le Pr\u00e9sident fran\u00e7ais a r\u00e9activ\u00e9 le r\u00eave destourien de BCS et l\u2019a inscrit dans le devenir de la Tunisie postr\u00e9volutionnaire. Mais son coup d\u2019\u00e9clat r\u00e9side dans le fait d\u2019avoir d\u00e9plac\u00e9 la question de l\u2019\u00e9galit\u00e9 de l\u2019h\u00e9ritage pour l\u2019attribuer au peuple tunisien qui en devient \u00e0 la fois le d\u00e9positaire l\u00e9gitime et le moteur dynamique. Le dialogue qu\u2019il instaure, \u00e0 travers le livre de BCS (Habib Bourguiba, le bon grain et l\u2019ivraie, \u00e9dit\u00e9 en 2009 chez Sud Edition), vise \u00e0 montrer la diff\u00e9rence entre autrefois et aujourd\u2019hui. Aux \u00ab\u00a0peuples ingrats\u00a0\u00bb qui ont r\u00e9serv\u00e9 \u00e0 leurs dirigeants, Hannibal et Bourguiba, des \u00ab\u00a0fun\u00e9railles cruelles\u00a0\u00bb, rappelle Macron, lecteur de BCS, succ\u00e8de le peuple qui \u00ab n\u2019attendra pas\u00a0\u00bb, et qui ne tardera pas \u00e0 exprimer sa reconnaissance et aussi \u00e0 faire sienne l\u2019\u0152uvre inachev\u00e9e de son Pr\u00e9sident. Ce peuple, d\u00e9sign\u00e9 au singulier, est d\u00e9sormais, gros de cet embryon pour lequel il continuera le \u00ab\u00a0combat\u00bb.<\/p>\n<p>Parall\u00e8lement \u00e0 cet hommage qui a fait vibrer la grande salle du Palais, s\u2019\u00e9crit un autre hommage-t\u00e9moignage dans les rues, les avenues, et les places de Tunis o\u00f9 des milliers de citoyens, hommes et femmes,\u00a0 jeunes et moins jeunes, sont venus prendre leur revanche sur l\u2019Histoire et accompagner dignement leur Pr\u00e9sident jusqu\u2019\u00e0 sa derni\u00e8re demeure dans un d\u00e9fi insolent (au sens \u00e9tymologique d\u2019insolite) de la chaleur, des sueurs, et de l\u2019encombrement. Preuve qu\u2019un peuple libre n\u2019est, en effet, jamais oublieux, ni \u00ab\u00a0ingrat\u00a0\u00bb, et que rien ne peut arr\u00eater son \u00e9lan de sympathie voire d\u2019empathie envers les dirigeants qu\u2019il sent loyaux et \u00ab\u00a0porteurs\u00a0\u00bb de sa cause.<\/p>\n<p>Emouvantes, Fortes, et Bouleversantes de Sinc\u00e9rit\u00e9, les images capt\u00e9es dans la capitale tunisienne et diffus\u00e9es dans le monde entier constituent le vrai bilan de feu BCS. Ces images\u00a0 sonnent \u00e9galement comme une r\u00e9ponse anticip\u00e9e et un avertissement aux futurs candidats \u00e0 la Pr\u00e9sidence. Elles concernent moins ceux dont le projet id\u00e9ologique ne cadre pas avec l\u2019\u00e9cole destourienne- en d\u00e9pit des d\u00e9clarations, sinc\u00e8res ou strat\u00e9giques et manipulatoires de certains chefs- que les dits \u00ab\u00a0d\u00e9mocrates\u00a0\u00bb qui s\u2019arrachent l\u2019h\u00e9ritage bourguibien et revendiquent, \u00e0 corps et \u00e0 cri, la filiation\u00a0 (g\u00e9n\u00e9tique ou spirituelle) de feu BCS.<\/p>\n<p>\u00ab\u00a0Celui qui a pr\u00e9venu est excus\u00e9\u00a0\u00bb, dit le proverbe tunisien. Les politiques qui entendent prendre le relais des \u00abengagements destouriens\u00a0\u00bb (Macron) savent d\u00e9sormais ce qui les attend et ce qu\u2019on attend d\u2019eux. Car cette \u00ab\u00a0Tunisie ouverte, tol\u00e9rante, patriote, fid\u00e8le \u00e0 elle-m\u00eame\u00a0\u00bb repose sur un pilier essentiel, la femme.<\/p>\n<p>Merci M. Macron de l\u2019avoir rappel\u00e9, par des mots justes et clairs, sans ambigu\u00eft\u00e9 ni fioriture, en ce jour solennel et 2019 et devant cette assembl\u00e9e de dirigeants (majoritairement arabe).\u00a0<\/p>\n<p>Merci aussi de l\u2019avoir rattach\u00e9 \u00e0 la m\u00e9moire de feu BCS, ce digne disciple de Bourguiba dont les derniers jours n\u2019ont pas \u00e9t\u00e9 de tout repos, entre ceux qui le violentent en parlant en son nom et ceux qui l\u2019accusent d\u2019avoir \u00ab\u00a0transgress\u00e9\u00a0\u00bb le Destour pour lequel il a donn\u00e9 sa vie.<\/p>\n<p>Merci surtout d\u2019avoir inscrit cette \u00ab\u00a0place in\u00e9dite de la femme\u00a0\u00bb dans la marche des si\u00e8cles et des peuples. Mais, permettez-moi, Monsieur le Pr\u00e9sident, d\u2019ajouter que cette marche remonte loin, bien plus loin\u00a0 dans l\u2019Histoire, et que l\u2019\u00e9galit\u00e9 de l\u2019h\u00e9ritage n\u2019est que son aboutissement logique, et irr\u00e9versible, une Histoire dont nos a\u00efeux et a\u00efeules ont pos\u00e9, laborieusement,\u00a0 pierre apr\u00e8s pierre, les premiers jalons avant que les destouriens ne viennent les \u00ab\u00a0porter\u00a0\u00bb, les \u00ab\u00a0embrasser et les articuler avec les \u00ab\u00a0combats\u00a0\u00bb actuels de l\u2019Homme moderne.\u00a0\u00a0\u00a0<\/p>\n<p><strong>Monia Kallel<\/strong><br \/>\u00a0<\/p>\n<p>Auteur:<br \/>\n<a href=\"https:\/\/www.leaders.com.tn\/article\/27609-le-coup-d-eclat-d-emmanuel-macron-a-carthage\">Cliquez ici pour lire l&rsquo;article depuis sa source.<\/a><\/p>\n","protected":false},"excerpt":{"rendered":"<p>Par Monia Kallel &#8211; Dans son \u00e9loge fun\u00e8bre, le dernier du c\u00e9r\u00e9monial de Carthage en ce 27 juillet 2019, E. Macron a c\u00e9l\u00e9br\u00e9 les qualit\u00e9s du grand BC, sa force de caract\u00e8re, sa sagesse, ses audaces, ses talents de diplomate aguerri. Et, \u00e0 la diff\u00e9rence des autres chefs d\u2019Etat, il a ax\u00e9 son discours sur [&hellip;]<\/p>\n","protected":false},"author":1772,"featured_media":0,"comment_status":"closed","ping_status":"closed","sticky":false,"template":"","format":"standard","meta":{"fifu_image_url":"","fifu_image_alt":"","footnotes":""},"categories":[73,55],"tags":[],"class_list":["post-49084","post","type-post","status-publish","format-standard","hentry","category-actualite","category-tunisie"],"_links":{"self":[{"href":"https:\/\/linitiative.ca\/International\/wp-json\/wp\/v2\/posts\/49084","targetHints":{"allow":["GET"]}}],"collection":[{"href":"https:\/\/linitiative.ca\/International\/wp-json\/wp\/v2\/posts"}],"about":[{"href":"https:\/\/linitiative.ca\/International\/wp-json\/wp\/v2\/types\/post"}],"author":[{"embeddable":true,"href":"https:\/\/linitiative.ca\/International\/wp-json\/wp\/v2\/users\/1772"}],"replies":[{"embeddable":true,"href":"https:\/\/linitiative.ca\/International\/wp-json\/wp\/v2\/comments?post=49084"}],"version-history":[{"count":0,"href":"https:\/\/linitiative.ca\/International\/wp-json\/wp\/v2\/posts\/49084\/revisions"}],"wp:attachment":[{"href":"https:\/\/linitiative.ca\/International\/wp-json\/wp\/v2\/media?parent=49084"}],"wp:term":[{"taxonomy":"category","embeddable":true,"href":"https:\/\/linitiative.ca\/International\/wp-json\/wp\/v2\/categories?post=49084"},{"taxonomy":"post_tag","embeddable":true,"href":"https:\/\/linitiative.ca\/International\/wp-json\/wp\/v2\/tags?post=49084"}],"curies":[{"name":"wp","href":"https:\/\/api.w.org\/{rel}","templated":true}]}}