{"id":49086,"date":"2019-07-28T06:00:00","date_gmt":"2019-07-28T10:00:00","guid":{"rendered":"https:\/\/linitiative.ca\/International\/les-precautions-a-prendre-en-vacances\/"},"modified":"2019-07-28T06:00:00","modified_gmt":"2019-07-28T10:00:00","slug":"les-precautions-a-prendre-en-vacances","status":"publish","type":"post","link":"https:\/\/linitiative.ca\/International\/les-precautions-a-prendre-en-vacances\/","title":{"rendered":"Les pr\u00e9cautions \u00e0 prendre en vacances"},"content":{"rendered":"<p>A tout \u00e2ge, mieux vaut \u00e9viter le soleil entre 12 et 16h, surtout l&rsquo;\u00e9t\u00e9. La meilleure protection est de rester \u00e0 la maison. Incitez les enfants \u00e0 faire la sieste et \u00e0 jouer, \u00e0 l&rsquo;int\u00e9rieur ou au moins \u00e0 l&rsquo;ombre. Avant l&rsquo;\u00e2ge de 3 ans, le soleil est d\u00e9conseill\u00e9 quelle que soit l&rsquo;heure, m\u00eame si on peut rel\u00e2cher sa vigilance en d\u00e9but et en fin de journ\u00e9e (sauf pour les nourrissons). Quand il est plus grand, encouragez votre enfant \u00e0 rechercher l&rsquo;ombre \u00e0 tout moment. Surtout, essayez de lui apprendre les m\u00e9faits du soleil et \u00e0 s&rsquo;en prot\u00e9ger, en lui montrant l&rsquo;exemple, c&rsquo;est-\u00e0-dire en portant des lunettes de soleil, une casquette, et en vous enduisant r\u00e9guli\u00e8rement de cr\u00e8me solaire.<\/p>\n<p><strong>Votre thyro\u00efde fonctionne mal ?<\/strong><br \/>Si vous transpirez beaucoup et dans des situations inhabituelles (par exemple quand vous \u00eates assis au calme dans une pi\u00e8ce fra\u00eeche, loin de toute situation de stress), vous souffrez peut-\u00eatre d&rsquo;hyperhidrose. C&rsquo;est d\u00fb \u00e0 une trop grande stimulation des nerfs qui d\u00e9clenchent les glandes sudoripares, comme s&rsquo;ils \u00e9taient constamment en position \u00abmarche\u00bb et incapables de se mettre en position \u00abarr\u00eat\u00bb. Cela arrive plus souvent aux enfants, adolescents et jeunes adultes ayant des ant\u00e9c\u00e9dents familiaux, sans qu&rsquo;on en connaisse r\u00e9ellement la cause. Mais parfois, l&rsquo;hyperhidrose est un effet secondaire d&rsquo;une autre pathologie comme la maladie de Parkinson, la goutte ou encore l&rsquo;hyperthyro\u00efdie. Si cinq minutes apr\u00e8s la douche, vous \u00eates d\u00e9j\u00e0 tremp\u00e9 de sueur, demandez \u00e0 votre m\u00e9decin de faire un dosage de la TSH, afin de v\u00e9rifier que votre thyro\u00efde fonctionne bien.<\/p>\n<p>Auteur:<br \/>\n<a href=\"https:\/\/www.lesoirdalgerie.com\/femme-magazine\/les-precautions-a-prendre-en-vacances-27709\">Cliquez ici pour lire l&rsquo;article depuis sa source.<\/a><\/p>\n","protected":false},"excerpt":{"rendered":"<p>A tout \u00e2ge, mieux vaut \u00e9viter le soleil entre 12 et 16h, surtout l&rsquo;\u00e9t\u00e9. La meilleure protection est de rester \u00e0 la maison. Incitez les enfants \u00e0 faire la sieste et \u00e0 jouer, \u00e0 l&rsquo;int\u00e9rieur ou au moins \u00e0 l&rsquo;ombre. Avant l&rsquo;\u00e2ge de 3 ans, le soleil est d\u00e9conseill\u00e9 quelle que soit l&rsquo;heure, m\u00eame si [&hellip;]<\/p>\n","protected":false},"author":1741,"featured_media":0,"comment_status":"closed","ping_status":"closed","sticky":false,"template":"","format":"standard","meta":{"fifu_image_url":"","fifu_image_alt":"","footnotes":""},"categories":[73,53],"tags":[],"class_list":["post-49086","post","type-post","status-publish","format-standard","hentry","category-actualite","category-algerie"],"_links":{"self":[{"href":"https:\/\/linitiative.ca\/International\/wp-json\/wp\/v2\/posts\/49086","targetHints":{"allow":["GET"]}}],"collection":[{"href":"https:\/\/linitiative.ca\/International\/wp-json\/wp\/v2\/posts"}],"about":[{"href":"https:\/\/linitiative.ca\/International\/wp-json\/wp\/v2\/types\/post"}],"author":[{"embeddable":true,"href":"https:\/\/linitiative.ca\/International\/wp-json\/wp\/v2\/users\/1741"}],"replies":[{"embeddable":true,"href":"https:\/\/linitiative.ca\/International\/wp-json\/wp\/v2\/comments?post=49086"}],"version-history":[{"count":0,"href":"https:\/\/linitiative.ca\/International\/wp-json\/wp\/v2\/posts\/49086\/revisions"}],"wp:attachment":[{"href":"https:\/\/linitiative.ca\/International\/wp-json\/wp\/v2\/media?parent=49086"}],"wp:term":[{"taxonomy":"category","embeddable":true,"href":"https:\/\/linitiative.ca\/International\/wp-json\/wp\/v2\/categories?post=49086"},{"taxonomy":"post_tag","embeddable":true,"href":"https:\/\/linitiative.ca\/International\/wp-json\/wp\/v2\/tags?post=49086"}],"curies":[{"name":"wp","href":"https:\/\/api.w.org\/{rel}","templated":true}]}}